{"id":171720,"date":"2026-05-06T23:56:18","date_gmt":"2026-05-06T23:56:18","guid":{"rendered":"https:\/\/www.europesays.com\/ee\/171720\/"},"modified":"2026-05-06T23:56:18","modified_gmt":"2026-05-06T23:56:18","slug":"terrorikuritegudes-suudistatav-noormees-ei-paasenud-kohtupidamise-ajaks-vabadusse","status":"publish","type":"post","link":"https:\/\/www.europesays.com\/ee\/171720\/","title":{"rendered":"Terrorikuritegudes s\u00fc\u00fcdistatav noormees ei p\u00e4\u00e4senud kohtupidamise ajaks vabadusse"},"content":{"rendered":"<p>Harju maakohtu kohtunik Merle Parts otsustas kolmap\u00e4eval, et terrorikuritegudes s\u00fc\u00fcdistatava Jevgeni Andrejenoki vahi all hoidmine on j\u00e4tkuvalt p\u00f5hjendatud ning ta ei p\u00e4\u00e4se kohtupidamise ajaks vanglast v\u00e4lja.<\/p>\n<p class=\"MsoNormal\">Partsi s\u00f5nul on Andrejenoki vahi all hoidmine j\u00e4tkuvalt p\u00f5hjendatud ja \u00fckski selle alus \u00e4ra langenud ei ole. Kohtum\u00e4\u00e4ruse peale saab esitada m\u00e4\u00e4ruskaebuse.<\/p>\n","protected":false},"excerpt":{"rendered":"Harju maakohtu kohtunik Merle Parts otsustas kolmap\u00e4eval, et terrorikuritegudes s\u00fc\u00fcdistatava Jevgeni Andrejenoki vahi all hoidmine on j\u00e4tkuvalt p\u00f5hjendatud&hellip;\n","protected":false},"author":2,"featured_media":171721,"comment_status":"","ping_status":"","sticky":false,"template":"","format":"standard","meta":{"footnotes":"","_share_on_mastodon":"0"},"categories":[80],"tags":[26,27,37,33,35,34,36,31,32,3995,21,78881,28,29,95,19,25,99,23,24,22,20,30,92,93,94],"class_list":["post-171720","post","type-post","status-publish","format-standard","has-post-thumbnail","category-maailm","tag-breaking-news","tag-breakingnews","tag-ee","tag-eesti","tag-eesti-keel","tag-estonia","tag-estonian","tag-featured-news","tag-featurednews","tag-harju-maakohus","tag-headlines","tag-jevgeni-andrejenok","tag-latest-news","tag-latestnews","tag-maailm","tag-news","tag-populaarseimad-lood","tag-terrorism","tag-top-stories","tag-topstories","tag-uldised-uudised","tag-uudised","tag-viimased-uudised","tag-world","tag-world-news","tag-worldnews"],"share_on_mastodon":{"url":"https:\/\/pubeurope.com\/@ee\/116530340364544103","error":""},"_links":{"self":[{"href":"https:\/\/www.europesays.com\/ee\/wp-json\/wp\/v2\/posts\/171720","targetHints":{"allow":["GET"]}}],"collection":[{"href":"https:\/\/www.europesays.com\/ee\/wp-json\/wp\/v2\/posts"}],"about":[{"href":"https:\/\/www.europesays.com\/ee\/wp-json\/wp\/v2\/types\/post"}],"author":[{"embeddable":true,"href":"https:\/\/www.europesays.com\/ee\/wp-json\/wp\/v2\/users\/2"}],"replies":[{"embeddable":true,"href":"https:\/\/www.europesays.com\/ee\/wp-json\/wp\/v2\/comments?post=171720"}],"version-history":[{"count":0,"href":"https:\/\/www.europesays.com\/ee\/wp-json\/wp\/v2\/posts\/171720\/revisions"}],"wp:featuredmedia":[{"embeddable":true,"href":"https:\/\/www.europesays.com\/ee\/wp-json\/wp\/v2\/media\/171721"}],"wp:attachment":[{"href":"https:\/\/www.europesays.com\/ee\/wp-json\/wp\/v2\/media?parent=171720"}],"wp:term":[{"taxonomy":"category","embeddable":true,"href":"https:\/\/www.europesays.com\/ee\/wp-json\/wp\/v2\/categories?post=171720"},{"taxonomy":"post_tag","embeddable":true,"href":"https:\/\/www.europesays.com\/ee\/wp-json\/wp\/v2\/tags?post=171720"}],"curies":[{"name":"wp","href":"https:\/\/api.w.org\/{rel}","templated":true}]}}