{"id":171860,"date":"2026-05-07T06:31:07","date_gmt":"2026-05-07T06:31:07","guid":{"rendered":"https:\/\/www.europesays.com\/ee\/171860\/"},"modified":"2026-05-07T06:31:07","modified_gmt":"2026-05-07T06:31:07","slug":"valencia-sai-vajaliku-voidu-molemad-peatreenerid-eemaldati-korvpall","status":"publish","type":"post","link":"https:\/\/www.europesays.com\/ee\/171860\/","title":{"rendered":"Valencia sai vajaliku v\u00f5idu, m\u00f5lemad peatreenerid eemaldati | Korvpall"},"content":{"rendered":"<p>Valencia alistas korvpalli Euroliiga veerandfinaalis v\u00f5\u00f5rsil Ateena Panathinaikose 91:87 (24:18, 28:21, 23:27, 16:21) ja v\u00e4hendas kaotusseisu \u00fcks-kahele.<\/p>\n<p>Valencia haaras v\u00f5\u00f5rsil kohe ohjad ja juhtis avapoolaja j\u00e4rel 13 punktiga. Kolmandal veerandil keesid aga m\u00f5lema meeskonna peatreeneril pinged \u00fcle ja kohtunikud eemaldasid nii Panathinaikose juhendaja Ergin Atamani kui ka Valencia lootsi Pedro Martinezi.<\/p>\n<blockquote class=\"twitter-tweet\" data-media-max-width=\"560\">\n<p lang=\"en\" dir=\"ltr\">Pedro Martinez and Ergin Ataman got into a heated exchange on the sidelines, and BOTH GOT EJECTED <a href=\"https:\/\/t.co\/0qrEIshv2a\" rel=\"nofollow\">pic.twitter.com\/0qrEIshv2a<\/a><\/p>\n<p>\u2014 BasketNews (@BasketNews_com) <a href=\"https:\/\/twitter.com\/BasketNews_com\/status\/2052110862601597425?ref_src=twsrc%5Etfw\" rel=\"nofollow noopener\" target=\"_blank\">May 6, 2026<\/a><\/p><\/blockquote>\n<p>Sellest hoolimata hoidis k\u00fclalismeeskond v\u00e4hemalt kahekohalist edu kuni viimase veerandaja keskpaigani, kui Panathinaikos hakkas l\u00e4hemale tulema. P\u00e4ris k\u00e4tte Hispaania klubi siiski ei saadud ja Valencia teenis seeria esimese v\u00f5idu.<\/p>\n<p>Brancou Badio ja Jean Montero viskasid v\u00f5itjate kasuks 16 punkti, Montero panustas ka \u00fcheksa resultatiivse s\u00f6\u00f6duga. T.J. Shorts viskas Panatinaikose kasuks 17, Nikolaos Rogkavopoulos 16 ja Nigel Hayes 15 silma.<\/p>\n<p>Seega ei suutnud Panathinaikos kodupubliku marulisest toetusest hoolimata edasip\u00e4\u00e4su vormistada ja reedel, 8. mail ootab ees seeria neljas m\u00e4ng, mis peetakse samuti Ateenas.<\/p>\n<p><script async src=\"https:\/\/platform.twitter.com\/widgets.js\" charset=\"utf-8\"><\/script><\/p>\n","protected":false},"excerpt":{"rendered":"Valencia alistas korvpalli Euroliiga veerandfinaalis v\u00f5\u00f5rsil Ateena Panathinaikose 91:87 (24:18, 28:21, 23:27, 16:21) ja v\u00e4hendas kaotusseisu \u00fcks-kahele. Valencia&hellip;\n","protected":false},"author":2,"featured_media":171861,"comment_status":"","ping_status":"","sticky":false,"template":"","format":"standard","meta":{"footnotes":"","_share_on_mastodon":"0"},"categories":[18],"tags":[6483,37,33,35,34,36,5918,159,158,1139],"class_list":["post-171860","post","type-post","status-publish","format-standard","has-post-thumbnail","category-sport","tag-ateena-panathinaikos","tag-ee","tag-eesti","tag-eesti-keel","tag-estonia","tag-estonian","tag-korvpalli-euroliiga","tag-sport","tag-sports","tag-valencia"],"share_on_mastodon":{"url":"https:\/\/pubeurope.com\/@ee\/116531893606010059","error":""},"_links":{"self":[{"href":"https:\/\/www.europesays.com\/ee\/wp-json\/wp\/v2\/posts\/171860","targetHints":{"allow":["GET"]}}],"collection":[{"href":"https:\/\/www.europesays.com\/ee\/wp-json\/wp\/v2\/posts"}],"about":[{"href":"https:\/\/www.europesays.com\/ee\/wp-json\/wp\/v2\/types\/post"}],"author":[{"embeddable":true,"href":"https:\/\/www.europesays.com\/ee\/wp-json\/wp\/v2\/users\/2"}],"replies":[{"embeddable":true,"href":"https:\/\/www.europesays.com\/ee\/wp-json\/wp\/v2\/comments?post=171860"}],"version-history":[{"count":0,"href":"https:\/\/www.europesays.com\/ee\/wp-json\/wp\/v2\/posts\/171860\/revisions"}],"wp:featuredmedia":[{"embeddable":true,"href":"https:\/\/www.europesays.com\/ee\/wp-json\/wp\/v2\/media\/171861"}],"wp:attachment":[{"href":"https:\/\/www.europesays.com\/ee\/wp-json\/wp\/v2\/media?parent=171860"}],"wp:term":[{"taxonomy":"category","embeddable":true,"href":"https:\/\/www.europesays.com\/ee\/wp-json\/wp\/v2\/categories?post=171860"},{"taxonomy":"post_tag","embeddable":true,"href":"https:\/\/www.europesays.com\/ee\/wp-json\/wp\/v2\/tags?post=171860"}],"curies":[{"name":"wp","href":"https:\/\/api.w.org\/{rel}","templated":true}]}}