{"id":172058,"date":"2026-05-07T10:00:22","date_gmt":"2026-05-07T10:00:22","guid":{"rendered":"https:\/\/www.europesays.com\/ee\/172058\/"},"modified":"2026-05-07T10:00:22","modified_gmt":"2026-05-07T10:00:22","slug":"kolmandat-korda-polve-vigastanud-viiekordne-saksamaa-meister-lopetab-30-aastaselt-karjaari-soccernet-ee","status":"publish","type":"post","link":"https:\/\/www.europesays.com\/ee\/172058\/","title":{"rendered":"Kolmandat korda p\u00f5lve vigastanud viiekordne Saksamaa meister l\u00f5petab 30-aastaselt karj\u00e4\u00e4ri &#8211; Soccernet.ee"},"content":{"rendered":"<p><img decoding=\"async\" src=\"https:\/\/www.europesays.com\/ee\/wp-content\/uploads\/2026\/05\/1778144902.jpg\" alt=\"Niklas S\u00fcle. Foto: Scanpix \/ Bahho Kara \/ picture alliance \/ Kirchner-Media\"\/>&#13;\n<\/p>\n<p>Saksamaa keskkaitsja Niklas S\u00fcle otsustas 30-aastaselt m\u00e4ngijakarj\u00e4\u00e4ri l\u00f5petada.<\/p>\n<p>S\u00fcle vigastas 18. aprillil Dortmundi Borussia eest m\u00e4ngides p\u00f5lve. Ta arvas alguses, et see on tal karj\u00e4\u00e4ri jooksul juba kolmas ristatisideme rebend, kuid hiljem selgus, et nii halvasti ei l\u00e4inud. S\u00fcle otsustas sellele vaatamata karj\u00e4\u00e4ri k\u00e4imasoleva hooaja j\u00e4rel l\u00f5petada, sest ei taha enam raskete vigastustega riskida.&#13;\n<\/p>\n<p>&#8220;Kui ma j\u00e4rgmisel p\u00e4eval MRT-uuringule l\u00e4ksin ja sain teada, et see polnud rebenenud, siis oli mulle 1000% kindel, et karj\u00e4\u00e4r on l\u00e4bi,&#8221; lausus\u00a0Spielmacheri taskuh\u00e4\u00e4lingusaates. &#8220;Ma ei suutnud ette kujutada, et saan olla iseseissev, minna puhkusele ja veeta aega oma lastega, aga samal ajal pean ravima kolmandat ristatisideme rebendit.&#8221;&#13;\n<\/p>\n<p>S\u00fcle leping Dortmundiga kehtib k\u00e4imasoleva hooaja l\u00f5puni, misj\u00e4rel t\u00f5mbab kogenud keskkaitsja ametlikult karj\u00e4\u00e4rile joone alla. S\u00fcle v\u00f5itis M\u00fcncheni Bayerniga viis korda Saksamaa k\u00f5rgliiga ja \u00fche korra Meistrite liiga, enne kui liitus 2022. aastal Dortmundiga. Ta m\u00e4ngis Saksamaa koondise eest 49 m\u00e4ngu, osaledes ka kahel MM-finaalturniiril.<\/p>\n","protected":false},"excerpt":{"rendered":"&#13; Saksamaa keskkaitsja Niklas S\u00fcle otsustas 30-aastaselt m\u00e4ngijakarj\u00e4\u00e4ri l\u00f5petada. S\u00fcle vigastas 18. aprillil Dortmundi Borussia eest m\u00e4ngides p\u00f5lve.&hellip;\n","protected":false},"author":2,"featured_media":172059,"comment_status":"","ping_status":"","sticky":false,"template":"","format":"standard","meta":{"footnotes":"","_share_on_mastodon":"0"},"categories":[18],"tags":[5174,1705,37,33,35,34,36,78930,51,159,158,78931],"class_list":["post-172058","post","type-post","status-publish","format-standard","has-post-thumbnail","category-sport","tag-dortmund","tag-dortmundi-borussia","tag-ee","tag-eesti","tag-eesti-keel","tag-estonia","tag-estonian","tag-niklas-sule","tag-saksamaa","tag-sport","tag-sports","tag-sule"],"share_on_mastodon":{"url":"https:\/\/pubeurope.com\/@ee\/116532715760654615","error":""},"_links":{"self":[{"href":"https:\/\/www.europesays.com\/ee\/wp-json\/wp\/v2\/posts\/172058","targetHints":{"allow":["GET"]}}],"collection":[{"href":"https:\/\/www.europesays.com\/ee\/wp-json\/wp\/v2\/posts"}],"about":[{"href":"https:\/\/www.europesays.com\/ee\/wp-json\/wp\/v2\/types\/post"}],"author":[{"embeddable":true,"href":"https:\/\/www.europesays.com\/ee\/wp-json\/wp\/v2\/users\/2"}],"replies":[{"embeddable":true,"href":"https:\/\/www.europesays.com\/ee\/wp-json\/wp\/v2\/comments?post=172058"}],"version-history":[{"count":0,"href":"https:\/\/www.europesays.com\/ee\/wp-json\/wp\/v2\/posts\/172058\/revisions"}],"wp:featuredmedia":[{"embeddable":true,"href":"https:\/\/www.europesays.com\/ee\/wp-json\/wp\/v2\/media\/172059"}],"wp:attachment":[{"href":"https:\/\/www.europesays.com\/ee\/wp-json\/wp\/v2\/media?parent=172058"}],"wp:term":[{"taxonomy":"category","embeddable":true,"href":"https:\/\/www.europesays.com\/ee\/wp-json\/wp\/v2\/categories?post=172058"},{"taxonomy":"post_tag","embeddable":true,"href":"https:\/\/www.europesays.com\/ee\/wp-json\/wp\/v2\/tags?post=172058"}],"curies":[{"name":"wp","href":"https:\/\/api.w.org\/{rel}","templated":true}]}}