{"id":172141,"date":"2026-05-07T11:42:08","date_gmt":"2026-05-07T11:42:08","guid":{"rendered":"https:\/\/www.europesays.com\/ee\/172141\/"},"modified":"2026-05-07T11:42:08","modified_gmt":"2026-05-07T11:42:08","slug":"graafik-valitsus-votab-tanavu-riigiettevotetest-vahem-raha-kui-varasematel-aastatel","status":"publish","type":"post","link":"https:\/\/www.europesays.com\/ee\/172141\/","title":{"rendered":"GRAAFIK | Valitsus v\u00f5tab t\u00e4navu riigiettev\u00f5tetest v\u00e4hem raha kui varasematel aastatel"},"content":{"rendered":"<p>K\u00f5ige enam maksabvad riigile dividende <a rel=\"noopener nofollow\" target=\"_blank\" href=\"https:\/\/www.delfi.ee\/teema\/24311175\/eesti-energia\" data-rel-date-range=\"[]\">Eesti Energia<\/a> (35,3 miljonit eurot), Riigi Kinnisvara aktsiaseltsis 31 miljonit) ja Lennuliiklusteenindusest (21,8 miljonit).<\/p>\n<p>V\u00f5rdlusena, mullu laekus riigieelarvesse 133,6 miljonit ning tunamullu 151,8 miljonit eurot.<\/p>\n<p>Rahandusministeeriumi teatel on majanduskeskkond toonud kaasa erinevaid tulemusi, mist\u00f5ttu on dividendide jaotamisel arvestatud nii ettev\u00f5tete majandustulemustega kui ka sektori spetsiifiliste riskide ja turuolukorraga. <\/p>\n<p>\u201eRiigi \u00e4ri\u00fchingute dividendipoliitika on osa laiemast eelarvedistsipliinist. Omaniku dividendiootus kehtib ka riigiettev\u00f5tete puhul ning otsused on tehtud vastavalt ettev\u00f5tete finantsseisule ja investeerimisvajadustele,\u201c m\u00e4rkis rahandusminister J\u00fcrgen Ligi.<\/p>\n<p>Head majandustulemused v\u00f5imaldavad prognoosituga v\u00f5rreldes maksta riigieelarvesse suuremaid dividende Lennuliiklusteeninduse AS-l, Riigi Kinnisvara AS-l, AS-l Eesti Loto ning AS-l Vireen, teatas ministeerium<\/p>\n<p>Kuidas see lugu Sind end tundma pani? Saada <a href=\"https:\/\/arileht.delfi.ee\/a\/120573731\/graafik-valitsus-votab-tanavu-riigiettevotetest-vahem-raha-kui-varasematel-aastatel\/kommentaarid\" class=\"article-body-bottom__comment article-body-bottom__comment--write button button--primary button--size-auto\" rel=\"nofollow noopener\" target=\"_blank\"> Kommenteeri <\/a><a href=\"https:\/\/arileht.delfi.ee\/a\/120573731\/graafik-valitsus-votab-tanavu-riigiettevotetest-vahem-raha-kui-varasematel-aastatel\/kommentaarid\" class=\"article-body-bottom__comment article-body-bottom__comment--read button button--size-auto\" rel=\"nofollow noopener\" target=\"_blank\"> Loe kommentaare <\/a><\/p>\n","protected":false},"excerpt":{"rendered":"K\u00f5ige enam maksabvad riigile dividende Eesti Energia (35,3 miljonit eurot), Riigi Kinnisvara aktsiaseltsis 31 miljonit) ja Lennuliiklusteenindusest (21,8&hellip;\n","protected":false},"author":2,"featured_media":166686,"comment_status":"","ping_status":"","sticky":false,"template":"","format":"standard","meta":{"footnotes":"","_share_on_mastodon":"0"},"categories":[12],"tags":[26,27,32210,37,33,4526,35,34,36,31,32,21,28,29,19,25,37153,11960,23,24,22,20,30],"class_list":["post-172141","post","type-post","status-publish","format-standard","has-post-thumbnail","category-eesti","tag-breaking-news","tag-breakingnews","tag-dividend","tag-ee","tag-eesti","tag-eesti-energia","tag-eesti-keel","tag-estonia","tag-estonian","tag-featured-news","tag-featurednews","tag-headlines","tag-latest-news","tag-latestnews","tag-news","tag-populaarseimad-lood","tag-riigiettevote","tag-riigiettevotted","tag-top-stories","tag-topstories","tag-uldised-uudised","tag-uudised","tag-viimased-uudised"],"share_on_mastodon":{"url":"https:\/\/pubeurope.com\/@ee\/116533117111647018","error":""},"_links":{"self":[{"href":"https:\/\/www.europesays.com\/ee\/wp-json\/wp\/v2\/posts\/172141","targetHints":{"allow":["GET"]}}],"collection":[{"href":"https:\/\/www.europesays.com\/ee\/wp-json\/wp\/v2\/posts"}],"about":[{"href":"https:\/\/www.europesays.com\/ee\/wp-json\/wp\/v2\/types\/post"}],"author":[{"embeddable":true,"href":"https:\/\/www.europesays.com\/ee\/wp-json\/wp\/v2\/users\/2"}],"replies":[{"embeddable":true,"href":"https:\/\/www.europesays.com\/ee\/wp-json\/wp\/v2\/comments?post=172141"}],"version-history":[{"count":0,"href":"https:\/\/www.europesays.com\/ee\/wp-json\/wp\/v2\/posts\/172141\/revisions"}],"wp:featuredmedia":[{"embeddable":true,"href":"https:\/\/www.europesays.com\/ee\/wp-json\/wp\/v2\/media\/166686"}],"wp:attachment":[{"href":"https:\/\/www.europesays.com\/ee\/wp-json\/wp\/v2\/media?parent=172141"}],"wp:term":[{"taxonomy":"category","embeddable":true,"href":"https:\/\/www.europesays.com\/ee\/wp-json\/wp\/v2\/categories?post=172141"},{"taxonomy":"post_tag","embeddable":true,"href":"https:\/\/www.europesays.com\/ee\/wp-json\/wp\/v2\/tags?post=172141"}],"curies":[{"name":"wp","href":"https:\/\/api.w.org\/{rel}","templated":true}]}}