{"id":172227,"date":"2026-05-07T13:40:08","date_gmt":"2026-05-07T13:40:08","guid":{"rendered":"https:\/\/www.europesays.com\/ee\/172227\/"},"modified":"2026-05-07T13:40:08","modified_gmt":"2026-05-07T13:40:08","slug":"saksamaa-tippjalgpallur-lopetab-30-aastaselt-karjaari-jalgpall","status":"publish","type":"post","link":"https:\/\/www.europesays.com\/ee\/172227\/","title":{"rendered":"Saksamaa tippjalgpallur l\u00f5petab 30-aastaselt karj\u00e4\u00e4ri | Jalgpall"},"content":{"rendered":"<p>Dortmundi Borussia keskkaitsja Niklas S\u00fcle otsustas k\u00e4imasoleva hooaja j\u00e4rel sportlaskarj\u00e4\u00e4rile joone alla t\u00f5mmata.<\/p>\n<p>30-aastane S\u00fcle r\u00e4\u00e4kis taskuh\u00e4\u00e4lingus &#8220;Spielmacher&#8221;, et m\u00f5tles karj\u00e4\u00e4ri l\u00f5petamisele juba m\u00f5nda aega tagasi ning l\u00f5pliku t\u00f5uke selleks andis aprillis saadud p\u00f5lvevigastus. Ta on oma karj\u00e4\u00e4ri jooksul varem kaks korda rebestanud p\u00f5lve ristatisidet ja kartis, et sai aprillis kolmanda r\u00e4nga p\u00f5lvevigastuse.<\/p>\n<p>&#8220;L\u00e4ksin kodus du\u0161i alla ja nutsin k\u00fcmme minutit. Olin veendunud, et p\u00f5lv on t\u00e4iesti katki. Aga kui l\u00e4ksin j\u00e4rgmisel p\u00e4eval MRT-uuringule ja sain hea uudise, et v\u00e4ltisin t\u00f5sist vigastust, siis oli mulle tuhat protsenti selge, et minu karj\u00e4\u00e4r on l\u00e4bi,&#8221; selgitas S\u00fcle. &#8220;Ma ei suuda ette kujutada midagi hullemat kui veel \u00fcks t\u00f5sine p\u00f5lvevigastus. Ma tahan p\u00e4rast karj\u00e4\u00e4ri l\u00f5ppu suuta oma lastega m\u00e4ngida,&#8221; lisas ta.<\/p>\n<p>Hoffenheimi akadeemiast sirgunud S\u00fcle tegi oma deb\u00fc\u00fcdi Saksamaa Bundesligas 2013. aasta kevadel. Neli aastat hiljem liitus ta M\u00fcncheni Bayerniga, kus v\u00f5itis viis Saksamaa meistritiitlit, kaks Saksamaa karikat ja \u00fche Meistrite liiga tiitli. Viimased neli hooaega on ta kuulunud Dortmundi Borussia hingekirja.<\/p>\n<p>S\u00fcle esindas Saksamaa rahvuskoondist 49 kohtumises ning osales kahel MM-finaalturniiril, lisaks m\u00e4ngis 2016. aastal Rio de Janeiros toimunud suveol\u00fcmpiam\u00e4ngudel, kus saavutas Saksamaa U-23 koondisega h\u00f5bemedali.<\/p>\n","protected":false},"excerpt":{"rendered":"Dortmundi Borussia keskkaitsja Niklas S\u00fcle otsustas k\u00e4imasoleva hooaja j\u00e4rel sportlaskarj\u00e4\u00e4rile joone alla t\u00f5mmata. 30-aastane S\u00fcle r\u00e4\u00e4kis taskuh\u00e4\u00e4lingus &#8220;Spielmacher&#8221;,&hellip;\n","protected":false},"author":2,"featured_media":172228,"comment_status":"","ping_status":"","sticky":false,"template":"","format":"standard","meta":{"footnotes":"","_share_on_mastodon":"0"},"categories":[18],"tags":[37,33,35,34,36,78930,159,158],"class_list":["post-172227","post","type-post","status-publish","format-standard","has-post-thumbnail","category-sport","tag-ee","tag-eesti","tag-eesti-keel","tag-estonia","tag-estonian","tag-niklas-sule","tag-sport","tag-sports"],"share_on_mastodon":{"url":"https:\/\/pubeurope.com\/@ee\/116533580795256209","error":""},"_links":{"self":[{"href":"https:\/\/www.europesays.com\/ee\/wp-json\/wp\/v2\/posts\/172227","targetHints":{"allow":["GET"]}}],"collection":[{"href":"https:\/\/www.europesays.com\/ee\/wp-json\/wp\/v2\/posts"}],"about":[{"href":"https:\/\/www.europesays.com\/ee\/wp-json\/wp\/v2\/types\/post"}],"author":[{"embeddable":true,"href":"https:\/\/www.europesays.com\/ee\/wp-json\/wp\/v2\/users\/2"}],"replies":[{"embeddable":true,"href":"https:\/\/www.europesays.com\/ee\/wp-json\/wp\/v2\/comments?post=172227"}],"version-history":[{"count":0,"href":"https:\/\/www.europesays.com\/ee\/wp-json\/wp\/v2\/posts\/172227\/revisions"}],"wp:featuredmedia":[{"embeddable":true,"href":"https:\/\/www.europesays.com\/ee\/wp-json\/wp\/v2\/media\/172228"}],"wp:attachment":[{"href":"https:\/\/www.europesays.com\/ee\/wp-json\/wp\/v2\/media?parent=172227"}],"wp:term":[{"taxonomy":"category","embeddable":true,"href":"https:\/\/www.europesays.com\/ee\/wp-json\/wp\/v2\/categories?post=172227"},{"taxonomy":"post_tag","embeddable":true,"href":"https:\/\/www.europesays.com\/ee\/wp-json\/wp\/v2\/tags?post=172227"}],"curies":[{"name":"wp","href":"https:\/\/api.w.org\/{rel}","templated":true}]}}