{"id":172601,"date":"2026-05-08T03:39:34","date_gmt":"2026-05-08T03:39:34","guid":{"rendered":"https:\/\/www.europesays.com\/ee\/172601\/"},"modified":"2026-05-08T03:39:34","modified_gmt":"2026-05-08T03:39:34","slug":"el-i-labiraakijad-ei-suutnud-kaubanduslepingus-usa-ga-kokkuleppele-jouda-valismaa","status":"publish","type":"post","link":"https:\/\/www.europesays.com\/ee\/172601\/","title":{"rendered":"EL-i l\u00e4bir\u00e4\u00e4kijad ei suutnud kaubanduslepingus USA-ga kokkuleppele j\u00f5uda | V\u00e4lismaa"},"content":{"rendered":"<p>Euroopa Liidu kolme institutsiooni vahelised l\u00e4bir\u00e4\u00e4kimised USA-ga s\u00f5lmitud kaubanduslepingu rakendamise \u00fcle l\u00f5ppesid kolmap\u00e4eva \u00f5htul l\u00e4bimurdeta, hoolimata president Donald Trumpi \u00e4hvardusest t\u00f5sta tollimakse EL-i autodele.<\/p>\n<p>&#8220;Oleme just l\u00f5petanud konstruktiivse teise kolmepoolse kohtumise, mille k\u00e4igus tegime h\u00e4id edusamme kaitsemehhanismi k\u00fcsimuses ning peamise m\u00e4\u00e4ruse l\u00e4bivaatamise ja hindamise osas, kuid tee on veel minna,&#8221; \u00fctles Euroopa Parlamendi poolne peal\u00e4bir\u00e4\u00e4kija Bernd Lange avalduses.<\/p>\n<p>\u00dche l\u00e4bir\u00e4\u00e4kimistega kursis oleva isiku s\u00f5nul kutsus Euroopa Komisjoni kaubandusvolinik Maro\u0161 \u0160ef\u010dovi\u010d l\u00e4bir\u00e4\u00e4kijaid \u00fcles saavutama kokkulepet, mis aitaks stabiliseerida kaubandussuhteid Washingtoniga, kuid p\u00e4rast kuus tundi kestnud k\u00f5nelusi siiski kokkuleppele ei j\u00f5utud.<\/p>\n<p>Euroopa Parlamendi liige Karin Karlsbro liberaalide fraktsioonist Renew Europe r\u00f5hutas: &#8220;On oluline, et enne l\u00f5pliku kokkuleppe saavutamist saavutaksime Trumpi-kindla lepingu.&#8221;<\/p>\n<p>Euroopa Parlamendi, komisjoni ja valitsusi esindava n\u00f5ukogu eesm\u00e4rk on leping kinnitada USA presidendi uue surve all, aga erimeelsused kaitsemeetmete osas takistavad kiire kokkuleppe saavutamise v\u00f5imalusi. Kokkuleppe venimine v\u00f5ib aga esile kutsuda Trumpi viha, kes on \u00e4hvardanud Euroopa autotootjaid 25-protsendiliste tollitariifidega karistada, kui EL ei suuda j\u00f5ustada eelmisel aastal tema osalusel s\u00f5lmitud Atlandi-\u00fclest kaubanduslepingut, vahendas v\u00e4ljaanne Politico.<\/p>\n<p>Ebam\u00e4\u00e4rane tulemus annab palli tagasi Trumpi k\u00e4tte, keda esindav suursaadik EL-is Andrew Puzder oli varem \u00f6elnud, et Washington v\u00f5ib peagi kehtestada 25-protsendilise tollimaksu Euroopa autodele, kui l\u00e4bir\u00e4\u00e4kijad ei suuda kiiret kokkulepet saavutada.<\/p>\n<p>&#8220;Teil on olnud aega see parandada, on aeg,&#8221; \u00fctles Puzder Br\u00fcsselis Bloomberg TV-le. &#8220;Kui te seda teete, vaatab ta (Trump &#8211; toim.) selle t\u00f5en\u00e4oliselt uuesti \u00fcle.&#8221;<\/p>\n<p>Trumpiga eelmise aasta juulis saavutatud kokkuleppe kohaselt n\u00f5ustus EL kaotama USA t\u00f6\u00f6stuskaupadele tollimaksud, kui Washington piiraks enamiku kaupade tollitariife 15 protsendiga.<\/p>\n<p>Kuid EL pole seda veel suutnud vastu v\u00f5tta kokkuleppe j\u00f5ustumiseks vajalikke \u00f5igusakte, mis on Trumpi vihastanud ja suurendanud survet Euroopa Komisjonile \u2013 kes peab 27 liikmesriigi nimel kaubanduslepingute \u00fcle l\u00e4bir\u00e4\u00e4kimisi \u2013, et see ellu viidaks.<\/p>\n<p>Komisjoni k\u00f5rgeim kaubandusametnik Sabine Weyand \u00fctles varem Euroopa Parlamendi kaubanduskomisjonile, et ta ootab kohtumist, mis toob kaasa l\u00e4bimurde ja n\u00e4itab, et EL peab oma lubadustest kinni.<\/p>\n<p>&#8220;Olen \u200b\u200bkindel, et &#8230; meil on k\u00f5ik komponendid, mis v\u00f5imaldavad meil n\u00e4idata, et j\u00e4\u00e4me usaldusv\u00e4\u00e4rseks partneriks, andes samal ajal meile k\u00f5ik vahendid reageerimiseks mis tahes arengutele, mida n\u00e4eme,&#8221; \u00fctles Weyand ka kaubandusega tegelevatele europarlamendi seadusandjatele.<\/p>\n<p>Kuigi komisjon ja enamik liikmesriike soovivad kokkuleppe rakendumist, on Euroopa Parlament, olles n\u00f6rdinud Trumpi aasta alguses tehtud \u00e4hvardustest annekteerida Taanile kuuluv Gr\u00f6\u00f6nimaa, seda venitanud, m\u00e4rkis Politico. Nad on ka uuesti asunud kaaluma, kas leping on endiselt hea p\u00e4rast seda, kui USA \u00fclemkohus t\u00fchistas Trumpi esialgsed tollitariifid veebruaris.<\/p>\n<p>Europarlamendi kaubanduskomisjoni veteranist esimehe Lange juhtimisel on seadusandjad n\u00f5udnud lisatingimusi, mis peataksid lepingu kehtimise seni, kuni Trump v\u00e4hendab terasetolle, peataksid selle, kui president ohustab EL-i territoriaalset terviklikkust, ja l\u00f5petaksid selle enne tema ametiaja l\u00f5ppu.<\/p>\n<p>\u00dcks n\u00f5ukogu ametnik \u00fctles, et pooled pole seni \u00fcheski k\u00f5ige vastuolulisemas arutelupunktis kokkuleppele j\u00f5udnud.<\/p>\n<p>&#8220;Edusamme on tehtud ja eesm\u00e4rk on l\u00e4bir\u00e4\u00e4kimised peagi l\u00f5petada. Kuid m\u00f5lemad pooled peavad vastavalt poliitiliste r\u00fchmituste ja liikmesriikidega r\u00e4\u00e4kima, mida nad on n\u00f5us aktsepteerima,&#8221; lisas ametnik hilis\u00f5htuste k\u00f5neluste kohta.<\/p>\n<p>Uus kolmepoolne kohtumine toimub v\u00e4idetavalt 19. mail.<\/p>\n<p>Osapooled on \u00f6elnud, et soovivad saavutada l\u00f5pliku kompromissi juuliks, mil Trumpi kehtestatud ajutised tollimaksud aeguvad. Kuid see oleks liiga hilja, \u00fctles USA suursaadik Puzder, kes m\u00e4rkis, et kogu kaubandusleping on n\u00fc\u00fcd ohus.<\/p>\n<p>&#8220;Kui leping ei ole leping, siis ma arvan, et \u00dchendriigid loobuksid sellest,&#8221; hoiatas ta.<\/p>\n","protected":false},"excerpt":{"rendered":"Euroopa Liidu kolme institutsiooni vahelised l\u00e4bir\u00e4\u00e4kimised USA-ga s\u00f5lmitud kaubanduslepingu rakendamise \u00fcle l\u00f5ppesid kolmap\u00e4eva \u00f5htul l\u00e4bimurdeta, hoolimata president Donald&hellip;\n","protected":false},"author":2,"featured_media":172602,"comment_status":"","ping_status":"","sticky":false,"template":"","format":"standard","meta":{"footnotes":"","_share_on_mastodon":"0"},"categories":[80],"tags":[26,27,37,33,35,25238,34,36,590,31,32,21,28,29,95,19,25,23,24,79020,22,20,30,92,93,94],"class_list":["post-172601","post","type-post","status-publish","format-standard","has-post-thumbnail","category-maailm","tag-breaking-news","tag-breakingnews","tag-ee","tag-eesti","tag-eesti-keel","tag-el-usa-kaubandussuhted","tag-estonia","tag-estonian","tag-euroopa-liit","tag-featured-news","tag-featurednews","tag-headlines","tag-latest-news","tag-latestnews","tag-maailm","tag-news","tag-populaarseimad-lood","tag-top-stories","tag-topstories","tag-triloog","tag-uldised-uudised","tag-uudised","tag-viimased-uudised","tag-world","tag-world-news","tag-worldnews"],"share_on_mastodon":{"url":"https:\/\/pubeurope.com\/@ee\/116536879630227418","error":""},"_links":{"self":[{"href":"https:\/\/www.europesays.com\/ee\/wp-json\/wp\/v2\/posts\/172601","targetHints":{"allow":["GET"]}}],"collection":[{"href":"https:\/\/www.europesays.com\/ee\/wp-json\/wp\/v2\/posts"}],"about":[{"href":"https:\/\/www.europesays.com\/ee\/wp-json\/wp\/v2\/types\/post"}],"author":[{"embeddable":true,"href":"https:\/\/www.europesays.com\/ee\/wp-json\/wp\/v2\/users\/2"}],"replies":[{"embeddable":true,"href":"https:\/\/www.europesays.com\/ee\/wp-json\/wp\/v2\/comments?post=172601"}],"version-history":[{"count":0,"href":"https:\/\/www.europesays.com\/ee\/wp-json\/wp\/v2\/posts\/172601\/revisions"}],"wp:featuredmedia":[{"embeddable":true,"href":"https:\/\/www.europesays.com\/ee\/wp-json\/wp\/v2\/media\/172602"}],"wp:attachment":[{"href":"https:\/\/www.europesays.com\/ee\/wp-json\/wp\/v2\/media?parent=172601"}],"wp:term":[{"taxonomy":"category","embeddable":true,"href":"https:\/\/www.europesays.com\/ee\/wp-json\/wp\/v2\/categories?post=172601"},{"taxonomy":"post_tag","embeddable":true,"href":"https:\/\/www.europesays.com\/ee\/wp-json\/wp\/v2\/tags?post=172601"}],"curies":[{"name":"wp","href":"https:\/\/api.w.org\/{rel}","templated":true}]}}