{"id":172818,"date":"2026-05-08T09:22:09","date_gmt":"2026-05-08T09:22:09","guid":{"rendered":"https:\/\/www.europesays.com\/ee\/172818\/"},"modified":"2026-05-08T09:22:09","modified_gmt":"2026-05-08T09:22:09","slug":"ukraina-sojas-on-tapetud-2300-pohja-korea-sodurit","status":"publish","type":"post","link":"https:\/\/www.europesays.com\/ee\/172818\/","title":{"rendered":"Ukraina s\u00f5jas on tapetud 2300 P\u00f5hja-Korea s\u00f5durit"},"content":{"rendered":"<p>Pyongyangis avatud memoriaalist tehtud satelliitfotod ja uudisteagentuuri fotomaterjal n\u00e4itab, et Ukraina rindel on hukkunud umbes 2300 P\u00f5hja-Korea s\u00f5durit.<\/p>\n<p>L\u00f5una-Korea hinnangul saadeti 2024. aastal Venemaa ridades v\u00f5itlema v\u00e4hemalt 11 000 p\u00f5hjakorealast, et v\u00f5tta tagasi osa Kurski oblastist, mille Ukraina oli \u00fcllatusliku sissetungi k\u00e4igus vallutanud.<\/p>\n","protected":false},"excerpt":{"rendered":"Pyongyangis avatud memoriaalist tehtud satelliitfotod ja uudisteagentuuri fotomaterjal n\u00e4itab, et Ukraina rindel on hukkunud umbes 2300 P\u00f5hja-Korea s\u00f5durit.&hellip;\n","protected":false},"author":2,"featured_media":172819,"comment_status":"","ping_status":"","sticky":false,"template":"","format":"standard","meta":{"footnotes":"","_share_on_mastodon":"0"},"categories":[80],"tags":[26,27,37,33,35,34,36,31,32,21,28,29,95,19,2031,79036,25,32205,23,24,262,22,20,96,30,92,93,94],"class_list":["post-172818","post","type-post","status-publish","format-standard","has-post-thumbnail","category-maailm","tag-breaking-news","tag-breakingnews","tag-ee","tag-eesti","tag-eesti-keel","tag-estonia","tag-estonian","tag-featured-news","tag-featurednews","tag-headlines","tag-latest-news","tag-latestnews","tag-maailm","tag-news","tag-pohja-korea","tag-pohja-korea-sodurid-ukrainas","tag-populaarseimad-lood","tag-pyongyang","tag-top-stories","tag-topstories","tag-ukraina","tag-uldised-uudised","tag-uudised","tag-venemaa","tag-viimased-uudised","tag-world","tag-world-news","tag-worldnews"],"share_on_mastodon":{"url":"https:\/\/pubeurope.com\/@ee\/116538228657556962","error":""},"_links":{"self":[{"href":"https:\/\/www.europesays.com\/ee\/wp-json\/wp\/v2\/posts\/172818","targetHints":{"allow":["GET"]}}],"collection":[{"href":"https:\/\/www.europesays.com\/ee\/wp-json\/wp\/v2\/posts"}],"about":[{"href":"https:\/\/www.europesays.com\/ee\/wp-json\/wp\/v2\/types\/post"}],"author":[{"embeddable":true,"href":"https:\/\/www.europesays.com\/ee\/wp-json\/wp\/v2\/users\/2"}],"replies":[{"embeddable":true,"href":"https:\/\/www.europesays.com\/ee\/wp-json\/wp\/v2\/comments?post=172818"}],"version-history":[{"count":0,"href":"https:\/\/www.europesays.com\/ee\/wp-json\/wp\/v2\/posts\/172818\/revisions"}],"wp:featuredmedia":[{"embeddable":true,"href":"https:\/\/www.europesays.com\/ee\/wp-json\/wp\/v2\/media\/172819"}],"wp:attachment":[{"href":"https:\/\/www.europesays.com\/ee\/wp-json\/wp\/v2\/media?parent=172818"}],"wp:term":[{"taxonomy":"category","embeddable":true,"href":"https:\/\/www.europesays.com\/ee\/wp-json\/wp\/v2\/categories?post=172818"},{"taxonomy":"post_tag","embeddable":true,"href":"https:\/\/www.europesays.com\/ee\/wp-json\/wp\/v2\/tags?post=172818"}],"curies":[{"name":"wp","href":"https:\/\/api.w.org\/{rel}","templated":true}]}}