{"id":172889,"date":"2026-05-08T10:41:13","date_gmt":"2026-05-08T10:41:13","guid":{"rendered":"https:\/\/www.europesays.com\/ee\/172889\/"},"modified":"2026-05-08T10:41:13","modified_gmt":"2026-05-08T10:41:13","slug":"kes-on-pildil-patikamp-murdis-tartu-kesklinnas-kahel-ool-sisse-jaatisekioskisse","status":"publish","type":"post","link":"https:\/\/www.europesays.com\/ee\/172889\/","title":{"rendered":"Kes on pildil? P\u00e4tikamp murdis Tartu kesklinnas kahel \u00f6\u00f6l sisse j\u00e4\u00e4tisekioskisse"},"content":{"rendered":"<p>Sel n\u00e4dalal on vargapunt murdnud kaks korda sisse Tartu kesklinnas K\u00fc\u00fcni t\u00e4naval WAFi pehmej\u00e4\u00e4tise kioskisse. Viimasel r\u00fc\u00fcsteretkel j\u00e4i vargapunt aga turvakaamera vaatev\u00e4lja. Varguse ohver palub infot pildile j\u00e4\u00e4nud r\u00f6\u00f6vlite kohta.<\/p>\n<p>Sissemurdmised leidsid aset \u00f6\u00f6l vastu teisip\u00e4eva kella poole kahe ajal ning \u00f6\u00f6l vastu reedet kella veerand kolme ajal.<\/p>\n","protected":false},"excerpt":{"rendered":"Sel n\u00e4dalal on vargapunt murdnud kaks korda sisse Tartu kesklinnas K\u00fc\u00fcni t\u00e4naval WAFi pehmej\u00e4\u00e4tise kioskisse. Viimasel r\u00fc\u00fcsteretkel j\u00e4i&hellip;\n","protected":false},"author":2,"featured_media":172890,"comment_status":"","ping_status":"","sticky":false,"template":"","format":"standard","meta":{"footnotes":"","_share_on_mastodon":"0"},"categories":[5],"tags":[26,27,37,33,35,34,36,31,32,21,32463,28,29,19,50376,353,25,79051,7134,249,23,24,79052,22,20,28123,4953,30,79050],"class_list":["post-172889","post","type-post","status-publish","format-standard","has-post-thumbnail","category-uldised-uudised","tag-breaking-news","tag-breakingnews","tag-ee","tag-eesti","tag-eesti-keel","tag-estonia","tag-estonian","tag-featured-news","tag-featurednews","tag-headlines","tag-kuuni-tanav","tag-latest-news","tag-latestnews","tag-news","tag-noorte-kuritegevus","tag-politsei","tag-populaarseimad-lood","tag-sigrid-raudsepp","tag-sissemurdmine","tag-tartu","tag-top-stories","tag-topstories","tag-turvakaamera-salvestis","tag-uldised-uudised","tag-uudised","tag-varaline-kahju","tag-vargus","tag-viimased-uudised","tag-waf-pehmejaatise-kiosk"],"share_on_mastodon":{"url":"https:\/\/pubeurope.com\/@ee\/116538539220464315","error":""},"_links":{"self":[{"href":"https:\/\/www.europesays.com\/ee\/wp-json\/wp\/v2\/posts\/172889","targetHints":{"allow":["GET"]}}],"collection":[{"href":"https:\/\/www.europesays.com\/ee\/wp-json\/wp\/v2\/posts"}],"about":[{"href":"https:\/\/www.europesays.com\/ee\/wp-json\/wp\/v2\/types\/post"}],"author":[{"embeddable":true,"href":"https:\/\/www.europesays.com\/ee\/wp-json\/wp\/v2\/users\/2"}],"replies":[{"embeddable":true,"href":"https:\/\/www.europesays.com\/ee\/wp-json\/wp\/v2\/comments?post=172889"}],"version-history":[{"count":0,"href":"https:\/\/www.europesays.com\/ee\/wp-json\/wp\/v2\/posts\/172889\/revisions"}],"wp:featuredmedia":[{"embeddable":true,"href":"https:\/\/www.europesays.com\/ee\/wp-json\/wp\/v2\/media\/172890"}],"wp:attachment":[{"href":"https:\/\/www.europesays.com\/ee\/wp-json\/wp\/v2\/media?parent=172889"}],"wp:term":[{"taxonomy":"category","embeddable":true,"href":"https:\/\/www.europesays.com\/ee\/wp-json\/wp\/v2\/categories?post=172889"},{"taxonomy":"post_tag","embeddable":true,"href":"https:\/\/www.europesays.com\/ee\/wp-json\/wp\/v2\/tags?post=172889"}],"curies":[{"name":"wp","href":"https:\/\/api.w.org\/{rel}","templated":true}]}}