{"id":173266,"date":"2026-05-08T19:05:10","date_gmt":"2026-05-08T19:05:10","guid":{"rendered":"https:\/\/www.europesays.com\/ee\/173266\/"},"modified":"2026-05-08T19:05:10","modified_gmt":"2026-05-08T19:05:10","slug":"polva-serviti-tuli-juba-11-korda-jarjest-eesti-meistriks","status":"publish","type":"post","link":"https:\/\/www.europesays.com\/ee\/173266\/","title":{"rendered":"P\u00f5lva Serviti tuli juba 11. korda j\u00e4rjest Eesti meistriks"},"content":{"rendered":"<p>Esimesed kaks kohtumist suhteliselt kindlalt v\u00f5itnud p\u00f5lvakad juhtisid poolajaks 15:12. Teise perioodi algus eba\u00f5nnestus Mistral t\u00e4ielikult, kui kuus minutit p\u00fcsiti kuival ja P\u00f5lva kasvatas edunumbrid 19:12-le. Edasine oli vaid vormistamise k\u00fcsimus.<\/p>\n<p>Hendrik Varul ja Mathias Rebane olid viie v\u00e4ravaga Serviti resultatiivsemad, Kermo Saksing lisas neli tabamust. MIstra eest said Arno Vare ja Aron Leppik kirja neli ning Serhii Orlovskyi ja Anton Barouski kolm v\u00e4ravat.<\/p>\n<p>Pronksmedali v\u00f5itis t\u00e4navu Viljandi HC.<\/p>\n<p>Meistriliiga t\u00e4htede meeskonda valiti:<\/p>\n<p>Vasak \u00e4\u00e4rem\u00e4ngija \u2013 Mathias Rebane, P\u00f5lva Serviti,<\/p>\n<p>Vasak sisemine \u2013 Kermo Saksing, P\u00f5lva Serviti,<\/p>\n<p>M\u00e4ngujuht \u2013 Hendrik Koks, Viljandi HC,<\/p>\n<p>Joonem\u00e4ngija \u2013 Hendrik Varul, P\u00f5lva Serviti,<\/p>\n<p>Parem sisemine \u2013 Karl Roosna, Mistra,<\/p>\n<p>Parem \u00e4\u00e4rem\u00e4ngija \u2013 J\u00fcrgen Rooba, P\u00f5lva  Serviti,<\/p>\n<p>V\u00e4ravavaht \u2013 Eston Varusk, P\u00f5lva Serviti.<\/p>\n<p>Kuidas see lugu Sind end tundma pani? Saada <a href=\"https:\/\/sport.delfi.ee\/artikkel\/120574105\/polva-serviti-tuli-juba-11-korda-jarjest-eesti-meistriks\/kommentaarid\" class=\"article-body-bottom__comment article-body-bottom__comment--write button button--primary button--size-auto\" rel=\"nofollow noopener\" target=\"_blank\"> Kommenteeri <\/a><a href=\"https:\/\/sport.delfi.ee\/artikkel\/120574105\/polva-serviti-tuli-juba-11-korda-jarjest-eesti-meistriks\/kommentaarid\" class=\"article-body-bottom__comment article-body-bottom__comment--read button button--size-auto\" rel=\"nofollow noopener\" target=\"_blank\"> Loe kommentaare <\/a><\/p>\n","protected":false},"excerpt":{"rendered":"Esimesed kaks kohtumist suhteliselt kindlalt v\u00f5itnud p\u00f5lvakad juhtisid poolajaks 15:12. Teise perioodi algus eba\u00f5nnestus Mistral t\u00e4ielikult, kui kuus&hellip;\n","protected":false},"author":2,"featured_media":173267,"comment_status":"","ping_status":"","sticky":false,"template":"","format":"standard","meta":{"footnotes":"","_share_on_mastodon":"0"},"categories":[18],"tags":[37,33,35,34,36,3019,2396,159,158],"class_list":["post-173266","post","type-post","status-publish","format-standard","has-post-thumbnail","category-sport","tag-ee","tag-eesti","tag-eesti-keel","tag-estonia","tag-estonian","tag-kasipall","tag-polva-serviti","tag-sport","tag-sports"],"share_on_mastodon":{"url":"https:\/\/pubeurope.com\/@ee\/116540520992604493","error":""},"_links":{"self":[{"href":"https:\/\/www.europesays.com\/ee\/wp-json\/wp\/v2\/posts\/173266","targetHints":{"allow":["GET"]}}],"collection":[{"href":"https:\/\/www.europesays.com\/ee\/wp-json\/wp\/v2\/posts"}],"about":[{"href":"https:\/\/www.europesays.com\/ee\/wp-json\/wp\/v2\/types\/post"}],"author":[{"embeddable":true,"href":"https:\/\/www.europesays.com\/ee\/wp-json\/wp\/v2\/users\/2"}],"replies":[{"embeddable":true,"href":"https:\/\/www.europesays.com\/ee\/wp-json\/wp\/v2\/comments?post=173266"}],"version-history":[{"count":0,"href":"https:\/\/www.europesays.com\/ee\/wp-json\/wp\/v2\/posts\/173266\/revisions"}],"wp:featuredmedia":[{"embeddable":true,"href":"https:\/\/www.europesays.com\/ee\/wp-json\/wp\/v2\/media\/173267"}],"wp:attachment":[{"href":"https:\/\/www.europesays.com\/ee\/wp-json\/wp\/v2\/media?parent=173266"}],"wp:term":[{"taxonomy":"category","embeddable":true,"href":"https:\/\/www.europesays.com\/ee\/wp-json\/wp\/v2\/categories?post=173266"},{"taxonomy":"post_tag","embeddable":true,"href":"https:\/\/www.europesays.com\/ee\/wp-json\/wp\/v2\/tags?post=173266"}],"curies":[{"name":"wp","href":"https:\/\/api.w.org\/{rel}","templated":true}]}}