{"id":173725,"date":"2026-05-09T14:14:07","date_gmt":"2026-05-09T14:14:07","guid":{"rendered":"https:\/\/www.europesays.com\/ee\/173725\/"},"modified":"2026-05-09T14:14:07","modified_gmt":"2026-05-09T14:14:07","slug":"video-armstrongi-portugali-ralli-paadis-raju-avariiga","status":"publish","type":"post","link":"https:\/\/www.europesays.com\/ee\/173725\/","title":{"rendered":"VIDEO | Armstrongi Portugali ralli p\u00e4\u00e4dis raju avariiga"},"content":{"rendered":"<p>Armstrongi reede oli p\u00e4ris keeruline, sest ta s\u00f5itis pool p\u00e4eva rooliv\u00f5imuta ning iirlane kaotas sellega k\u00f5vasti aega. Laup\u00e4evasel l\u00f5unapausil hoidis ta k\u00fcmnendat kohta, aga j\u00e4rgmist Felgueirase kiiruskatset sai ta s\u00f5ita napid 600 meetrit.<\/p>\n<p>Iirlasel l\u00e4ks masina tagaosa natuke k\u00e4est, tema Ford Puma k\u00e4is vallis ning lendas teisele poole teed \u00fcle katuse kraavist alla. Armstrong ja kaardilugeja Shane Bryne avariis viga ei saanud, aga ilmselgelt j\u00e4i meeste ralli pooleli.<\/p>\n<p>31-aastane iirlane kogus selle hooaja esimese viie ralliga k\u00fcmme punkti, millega ta oli MM-sarja \u00fcldarvestuses Robert Virvese j\u00e4rel 13. kohal.<\/p>\n<p>Kuidas see lugu Sind end tundma pani? Saada <a href=\"https:\/\/sport.delfi.ee\/artikkel\/120574207\/video-armstrongi-portugali-ralli-paadis-raju-avariiga\/kommentaarid\" class=\"article-body-bottom__comment article-body-bottom__comment--write button button--primary button--size-auto\" rel=\"nofollow noopener\" target=\"_blank\"> Kommenteeri <\/a><a href=\"https:\/\/sport.delfi.ee\/artikkel\/120574207\/video-armstrongi-portugali-ralli-paadis-raju-avariiga\/kommentaarid\" class=\"article-body-bottom__comment article-body-bottom__comment--read button button--size-auto\" rel=\"nofollow noopener\" target=\"_blank\"> Loe kommentaare <\/a><\/p>\n","protected":false},"excerpt":{"rendered":"Armstrongi reede oli p\u00e4ris keeruline, sest ta s\u00f5itis pool p\u00e4eva rooliv\u00f5imuta ning iirlane kaotas sellega k\u00f5vasti aega. Laup\u00e4evasel&hellip;\n","protected":false},"author":2,"featured_media":173726,"comment_status":"","ping_status":"","sticky":false,"template":"","format":"standard","meta":{"footnotes":"","_share_on_mastodon":"0"},"categories":[5],"tags":[26,27,37,33,35,34,36,31,32,21,7490,28,29,19,25,23,24,22,20,30],"class_list":["post-173725","post","type-post","status-publish","format-standard","has-post-thumbnail","category-uldised-uudised","tag-breaking-news","tag-breakingnews","tag-ee","tag-eesti","tag-eesti-keel","tag-estonia","tag-estonian","tag-featured-news","tag-featurednews","tag-headlines","tag-jon-armstrong","tag-latest-news","tag-latestnews","tag-news","tag-populaarseimad-lood","tag-top-stories","tag-topstories","tag-uldised-uudised","tag-uudised","tag-viimased-uudised"],"share_on_mastodon":{"url":"https:\/\/pubeurope.com\/@ee\/116545038787588505","error":""},"_links":{"self":[{"href":"https:\/\/www.europesays.com\/ee\/wp-json\/wp\/v2\/posts\/173725","targetHints":{"allow":["GET"]}}],"collection":[{"href":"https:\/\/www.europesays.com\/ee\/wp-json\/wp\/v2\/posts"}],"about":[{"href":"https:\/\/www.europesays.com\/ee\/wp-json\/wp\/v2\/types\/post"}],"author":[{"embeddable":true,"href":"https:\/\/www.europesays.com\/ee\/wp-json\/wp\/v2\/users\/2"}],"replies":[{"embeddable":true,"href":"https:\/\/www.europesays.com\/ee\/wp-json\/wp\/v2\/comments?post=173725"}],"version-history":[{"count":0,"href":"https:\/\/www.europesays.com\/ee\/wp-json\/wp\/v2\/posts\/173725\/revisions"}],"wp:featuredmedia":[{"embeddable":true,"href":"https:\/\/www.europesays.com\/ee\/wp-json\/wp\/v2\/media\/173726"}],"wp:attachment":[{"href":"https:\/\/www.europesays.com\/ee\/wp-json\/wp\/v2\/media?parent=173725"}],"wp:term":[{"taxonomy":"category","embeddable":true,"href":"https:\/\/www.europesays.com\/ee\/wp-json\/wp\/v2\/categories?post=173725"},{"taxonomy":"post_tag","embeddable":true,"href":"https:\/\/www.europesays.com\/ee\/wp-json\/wp\/v2\/tags?post=173725"}],"curies":[{"name":"wp","href":"https:\/\/api.w.org\/{rel}","templated":true}]}}