{"id":173807,"date":"2026-05-09T17:06:08","date_gmt":"2026-05-09T17:06:08","guid":{"rendered":"https:\/\/www.europesays.com\/ee\/173807\/"},"modified":"2026-05-09T17:06:08","modified_gmt":"2026-05-09T17:06:08","slug":"patusele-ronaldole-mm-iks-rohelise-tule-andnud-fifa-heitis-korvale-veel-kaks-mangukeeldu-soccernet-ee","status":"publish","type":"post","link":"https:\/\/www.europesays.com\/ee\/173807\/","title":{"rendered":"Patusele Ronaldole MM-iks rohelise tule andnud FIFA heitis k\u00f5rvale veel kaks m\u00e4ngukeeldu &#8211; Soccernet.ee"},"content":{"rendered":"<p><img decoding=\"async\" src=\"https:\/\/www.europesays.com\/ee\/wp-content\/uploads\/2026\/05\/1776430490.jpg\" alt=\"Moises Caicedo saab Ecuadori esindada algusest peale. Foto: Scanpix \/ Daniel Weir \/ Sport Press Photo \/ ZUMA Press\"\/>&#13;\n<\/p>\n<p>FIFA otsustas \u00fches UEFA ja teistega, et MM-i m\u00e4ngukeeluga alustama pidanud Nicolas Otamendi ja Moises Caicedo saavad karistuse \u00e4ra kanda hiljem.<\/p>\n<p>Suvel toimuv MM on k\u00f5igi aegade suurim, sest v\u00f5\u00f5rustab rekordiliselt 48 koondist. Nii on FIFA teinud mitmeid otsuseid selleks, et turniir maksimaalselt \u00f5nnestuks. Eriti on r\u00f5hku pandud m\u00e4ngukeeldudele: n\u00e4iteks on otsustatud, et kollased kaardid nullitakse varasema \u00fche asemel kahel korral (p\u00e4rast alagrupim\u00e4nge ja veeranfinaalfaasi), ka on tehtud mitu otsust juba praeguste patuste kasuks.&#13;\n<\/p>\n<p>Selle ukse avas esimesena Cristiano Ronaldo, kes sai valikm\u00e4ngudel vastase k\u00fc\u00fcnarnukiga l\u00f6\u00f6mise eest punase kaardi ja pikema m\u00e4ngukeelu. See pidanuks venima v\u00e4lja MM-ile, kuid FIFA otsustas, et kahem\u00e4ngune lisakaristus on tingimisi. N\u00fc\u00fcd otsustati, et turniiri saavad algusest kaasa teha ka Nicolas Otamendi (Argentina) ja Moises Caicedo (Ecuador), kes eemaldati \u00fchises valikm\u00e4ngus m\u00e4nguliste, kuid liialt j\u00f5uliste kontaktide j\u00e4rel.&#13;\n<\/p>\n<p>FIFA teate kohaselt istusid selleks \u00fche laua taga k\u00f5igi kuue vuti\u00fchendi (UEFA jt) presidendid koos Gianni Infantinoga. P\u00e4rast otsuse langetamist selgitati, et p\u00f5hir\u00f5hk on sellel, et koondised saaksid maailma suurimal areenil v\u00f5istelda parimate v\u00f5imalike koosseisudega. Nende sekka kuuluvad Otamendi ja Caicedo selgelt. Karistuseta nad eeldatavasti ikkagi ei j\u00e4\u00e4, vaid see kuulub kandmisele p\u00e4rast MM-i.<\/p>\n<p>Tiitlikaitsja Argentina on J-alagrupis vastamisi Austria, Al\u017eeeria ja Jordaaniaga. Ecuadori vastased E-alagrupis on Saksamaa, Elevandiluurannik ja Curacao.                         <\/p>\n","protected":false},"excerpt":{"rendered":"&#13; FIFA otsustas \u00fches UEFA ja teistega, et MM-i m\u00e4ngukeeluga alustama pidanud Nicolas Otamendi ja Moises Caicedo saavad&hellip;\n","protected":false},"author":2,"featured_media":173808,"comment_status":"","ping_status":"","sticky":false,"template":"","format":"standard","meta":{"footnotes":"","_share_on_mastodon":"0"},"categories":[18],"tags":[5000,73569,9312,37,33,35,34,36,3223,10349,6890,73570,79233,79234,159,158],"class_list":["post-173807","post","type-post","status-publish","format-standard","has-post-thumbnail","category-sport","tag-argentina","tag-caicedo","tag-ecuador","tag-ee","tag-eesti","tag-eesti-keel","tag-estonia","tag-estonian","tag-fifa","tag-mm-2026","tag-mm2026","tag-moises-caicedo","tag-nicolas-otamendi","tag-otamendi","tag-sport","tag-sports"],"share_on_mastodon":{"url":"https:\/\/pubeurope.com\/@ee\/116545715303700213","error":""},"_links":{"self":[{"href":"https:\/\/www.europesays.com\/ee\/wp-json\/wp\/v2\/posts\/173807","targetHints":{"allow":["GET"]}}],"collection":[{"href":"https:\/\/www.europesays.com\/ee\/wp-json\/wp\/v2\/posts"}],"about":[{"href":"https:\/\/www.europesays.com\/ee\/wp-json\/wp\/v2\/types\/post"}],"author":[{"embeddable":true,"href":"https:\/\/www.europesays.com\/ee\/wp-json\/wp\/v2\/users\/2"}],"replies":[{"embeddable":true,"href":"https:\/\/www.europesays.com\/ee\/wp-json\/wp\/v2\/comments?post=173807"}],"version-history":[{"count":0,"href":"https:\/\/www.europesays.com\/ee\/wp-json\/wp\/v2\/posts\/173807\/revisions"}],"wp:featuredmedia":[{"embeddable":true,"href":"https:\/\/www.europesays.com\/ee\/wp-json\/wp\/v2\/media\/173808"}],"wp:attachment":[{"href":"https:\/\/www.europesays.com\/ee\/wp-json\/wp\/v2\/media?parent=173807"}],"wp:term":[{"taxonomy":"category","embeddable":true,"href":"https:\/\/www.europesays.com\/ee\/wp-json\/wp\/v2\/categories?post=173807"},{"taxonomy":"post_tag","embeddable":true,"href":"https:\/\/www.europesays.com\/ee\/wp-json\/wp\/v2\/tags?post=173807"}],"curies":[{"name":"wp","href":"https:\/\/api.w.org\/{rel}","templated":true}]}}