{"id":173833,"date":"2026-05-09T18:00:12","date_gmt":"2026-05-09T18:00:12","guid":{"rendered":"https:\/\/www.europesays.com\/ee\/173833\/"},"modified":"2026-05-09T18:00:12","modified_gmt":"2026-05-09T18:00:12","slug":"klopsud-kelmikad-poosid-ja-soit-gondliga-ingrid-mand-seikles-veneetsias","status":"publish","type":"post","link":"https:\/\/www.europesays.com\/ee\/173833\/","title":{"rendered":"KL\u00d5PSUD | Kelmikad poosid ja s\u00f5it gondliga! Ingrid M\u00e4nd seikles Veneetsias"},"content":{"rendered":"<p>\u201eLivin\u2019 la vida loca,\u201c kirjutas sisulooja ja kosmeetik Ingrid Instagrami postituse juures. Eesti keeles t\u00e4hendab see, et elama p\u00f6\u00f6rast elu. Pildireal on n\u00e4ha, et jalutati Veneetsia peal ja k\u00e4idi ka gondliga s\u00f5itmas.<\/p>\n<p>J\u00e4\u00e4dvustusi jagas ta ka eile. On n\u00e4ha, et ta poseerib Veneetsia kuulsatel sildadel.<\/p>\n<p>Paistab, et tegu oli l\u00fchikese reisisutsuga. Lugude all t\u00e4hendas Ingrid, et neil oli eile seal linnas viimane \u00f5htu.<\/p>\n<p>R\u00e4nnuhetked on vahelduseks ta paljudele tegemistele Eestis. Hiljuti andis Ingrid sotsiaalmeedias teada, et on n\u00fc\u00fcd ametlikult paberitega toitumisn\u00f5ustaja. Ingrid avaldas Instagramis, et l\u00e4ks 1,5 aastat tagasi Annely Sootsi koolituse tervisekooli, et veel \u00fcks eriala juurde \u00f5ppida, ent enne, kui tunnistus k\u00e4es, ei soovinud ta sellest k\u00f5va h\u00e4\u00e4lega r\u00e4\u00e4kida. \u201eN\u00fc\u00fcd saan seda teha ja uhkelt \u00f6elda, et peale kosmeetiku eriala olen omandanud ka toitumisn\u00f5ustaja oma,\u201c r\u00f5\u00f5mustas ta.<\/p>\n<p>Ingrid on praeguseks pikemat aega tegelenud fitnessiga. M\u00f6\u00f6dunud kuul pidi ta paraku j\u00e4tma vahele \u00fche karikav\u00f5istluse, kuna haigestus. \u201eLootsin t\u00e4na hommikuni v\u00e4lja, et saan terveks ja k\u00f5ik saab korda, aga on nagu on,\u201c nentis ta siis.<\/p>\n<p><a href=\"http:\/\/kroonika.delfi.ee\/artikkel\/120569225\/ingrid-mand-jaab-haigestumise-tottu-kaua-oodatud-fitnessivoistlusest-korvale-suda-tilgub-verd#dalrel-in-article\" class=\"content-embedded-articles-double__embedded-article\" data-v-bd1bb421=\"\" rel=\"nofollow noopener\" target=\"_blank\"><\/p>\n<p> 17.04.2026 <\/p>\n<p> Ingrid M\u00e4nd j\u00e4\u00e4b haigestumise t\u00f5ttu kaua oodatud fitnessiv\u00f5istlusest k\u00f5rvale. \u201eS\u00fcda tilgub verd\u201c  (7) <\/p>\n<p><\/a><a href=\"http:\/\/kroonika.delfi.ee\/artikkel\/120571535\/fotod-palju-onne-ingrid-mand-lopetas-kooli-ja-omandas-uue-ameti#dalrel-in-article\" class=\"content-embedded-articles-double__embedded-article\" data-v-bd1bb421=\"\" rel=\"nofollow noopener\" target=\"_blank\"><\/p>\n<p> 27.04.2026 <\/p>\n<p> FOTOD | Palju \u00f5nne! Ingrid M\u00e4nd l\u00f5petas kooli ja omandas uue ameti  (43) <\/p>\n<p><\/a><\/p>\n<p>Enne seda kuu alguses sai ta aga osaleda P\u00e4rnus GoFit CUPil ehk lahtistel karikav\u00f5istlustel algajatele kulturismis ja fitnessis. Ingridi jaoks oli tegemist elu esimese fitnessiv\u00f5istlusega. <\/p>\n<p>Kas vahepeal tekkis ka hetki, kus tundus, et enam ei jaksa? \u201eEks m\u00f5tteid k\u00e4ib alati igasuguseid peast l\u00e4bi, eriti minul, kes on superimpulsiivne! Aga see on ka \u00fcks m\u00f5nus kasvamise koht olnud \u2013 istuda enda m\u00f5tetega ja mitte reageerida. Aga eks ikka on k\u00e4inud peast l\u00e4bi k\u00fcsimus, kas on ikka vaja seda k\u00f5ike. Vastus on jah! Seega paneme edasi,\u201c on ta treenimisest Kroonikale r\u00e4\u00e4kinud.<\/p>\n<p>Kuidas see lugu Sind end tundma pani? Saada <a href=\"https:\/\/kroonika.delfi.ee\/artikkel\/120574236\/klopsud-ingrid-mand-puhkis-vahepeal-kodumaa-tolmu-jalgelt-ja-seikles-veneetsias\/kommentaarid\" class=\"article-body-bottom__comment article-body-bottom__comment--write button button--primary button--size-auto\" rel=\"nofollow noopener\" target=\"_blank\"> Kommenteeri <\/a><a href=\"https:\/\/kroonika.delfi.ee\/artikkel\/120574236\/klopsud-ingrid-mand-puhkis-vahepeal-kodumaa-tolmu-jalgelt-ja-seikles-veneetsias\/kommentaarid\" class=\"article-body-bottom__comment article-body-bottom__comment--read button button--size-auto\" rel=\"nofollow noopener\" target=\"_blank\"> Loe kommentaare (2)<\/a><\/p>\n","protected":false},"excerpt":{"rendered":"\u201eLivin\u2019 la vida loca,\u201c kirjutas sisulooja ja kosmeetik Ingrid Instagrami postituse juures. Eesti keeles t\u00e4hendab see, et elama&hellip;\n","protected":false},"author":2,"featured_media":173834,"comment_status":"","ping_status":"","sticky":false,"template":"","format":"standard","meta":{"footnotes":"","_share_on_mastodon":"0"},"categories":[16],"tags":[37,33,35,173,34,36,774,140],"class_list":["post-173833","post","type-post","status-publish","format-standard","has-post-thumbnail","category-meelelahutus","tag-ee","tag-eesti","tag-eesti-keel","tag-entertainment","tag-estonia","tag-estonian","tag-ingrid-mand","tag-meelelahutus"],"share_on_mastodon":{"url":"https:\/\/pubeurope.com\/@ee\/116545927790490189","error":""},"_links":{"self":[{"href":"https:\/\/www.europesays.com\/ee\/wp-json\/wp\/v2\/posts\/173833","targetHints":{"allow":["GET"]}}],"collection":[{"href":"https:\/\/www.europesays.com\/ee\/wp-json\/wp\/v2\/posts"}],"about":[{"href":"https:\/\/www.europesays.com\/ee\/wp-json\/wp\/v2\/types\/post"}],"author":[{"embeddable":true,"href":"https:\/\/www.europesays.com\/ee\/wp-json\/wp\/v2\/users\/2"}],"replies":[{"embeddable":true,"href":"https:\/\/www.europesays.com\/ee\/wp-json\/wp\/v2\/comments?post=173833"}],"version-history":[{"count":0,"href":"https:\/\/www.europesays.com\/ee\/wp-json\/wp\/v2\/posts\/173833\/revisions"}],"wp:featuredmedia":[{"embeddable":true,"href":"https:\/\/www.europesays.com\/ee\/wp-json\/wp\/v2\/media\/173834"}],"wp:attachment":[{"href":"https:\/\/www.europesays.com\/ee\/wp-json\/wp\/v2\/media?parent=173833"}],"wp:term":[{"taxonomy":"category","embeddable":true,"href":"https:\/\/www.europesays.com\/ee\/wp-json\/wp\/v2\/categories?post=173833"},{"taxonomy":"post_tag","embeddable":true,"href":"https:\/\/www.europesays.com\/ee\/wp-json\/wp\/v2\/tags?post=173833"}],"curies":[{"name":"wp","href":"https:\/\/api.w.org\/{rel}","templated":true}]}}