{"id":174143,"date":"2026-05-10T09:46:09","date_gmt":"2026-05-10T09:46:09","guid":{"rendered":"https:\/\/www.europesays.com\/ee\/174143\/"},"modified":"2026-05-10T09:46:09","modified_gmt":"2026-05-10T09:46:09","slug":"graafik-eesti-on-uks-karmimaid-maksustajaid-vaata-kus-euroopas-lastega-peresid-koige-vahem-maksustatakse","status":"publish","type":"post","link":"https:\/\/www.europesays.com\/ee\/174143\/","title":{"rendered":"GRAAFIK | Eesti on \u00fcks karmimaid maksustajaid. Vaata, kus Euroopas lastega peresid k\u00f5ige v\u00e4hem maksustatakse"},"content":{"rendered":"<p><img decoding=\"async\" src=\"https:\/\/www.europesays.com\/ee\/wp-content\/uploads\/2026\/05\/5f7d06e0-b99f-11eb-b776-8db3f50e07cf.jpg\" loading=\"lazy\" alt=\"Enamikus Euroopa riikides on maksukoormus palju v\u00e4iksem, kui peres kasvab kaks last ja tulu toob koju vaid \u00fcks vanem. \"\/><\/p>\n<p>Enamikus Euroopa riikides on maksukoormus palju v\u00e4iksem, kui peres kasvab kaks last ja tulu toob koju vaid \u00fcks vanem. <\/p>\n<p>FOTO: Kiur Kaasik| Delfi Meedia<\/p>\n<p>V\u00e4rske OECD raport \u201eTaxing Wages\u201c heidab valgust Euroopa riikide <a rel=\"noopener nofollow\" target=\"_blank\" href=\"https:\/\/www.delfi.ee\/teema\/96852670\/tulumaks-1\" tag-id=\"96852670\">tulumaks<\/a>us\u00fcsteemide suurtele erinevustele. Kui osas riikides t\u00e4hendab lapse s\u00fcnd m\u00e4rkimisv\u00e4\u00e4rset maksuv\u00f5itu v\u00f5i isegi riigipoolset pealemaksmist, siis Eesti paistab silma oma j\u00e4iga ja v\u00f5rdlemisi k\u00f5rge tulumaksum\u00e4\u00e4raga.<\/p>\n","protected":false},"excerpt":{"rendered":"Enamikus Euroopa riikides on maksukoormus palju v\u00e4iksem, kui peres kasvab kaks last ja tulu toob koju vaid \u00fcks&hellip;\n","protected":false},"author":2,"featured_media":174144,"comment_status":"","ping_status":"","sticky":false,"template":"","format":"standard","meta":{"footnotes":"","_share_on_mastodon":"0"},"categories":[5],"tags":[26,27,37,33,35,34,36,112,31,32,21,28,29,19,25,23,24,1282,22,20,30],"class_list":["post-174143","post","type-post","status-publish","format-standard","has-post-thumbnail","category-uldised-uudised","tag-breaking-news","tag-breakingnews","tag-ee","tag-eesti","tag-eesti-keel","tag-estonia","tag-estonian","tag-euroopa","tag-featured-news","tag-featurednews","tag-headlines","tag-latest-news","tag-latestnews","tag-news","tag-populaarseimad-lood","tag-top-stories","tag-topstories","tag-tulumaks","tag-uldised-uudised","tag-uudised","tag-viimased-uudised"],"share_on_mastodon":{"url":"https:\/\/pubeurope.com\/@ee\/116549647581063486","error":""},"_links":{"self":[{"href":"https:\/\/www.europesays.com\/ee\/wp-json\/wp\/v2\/posts\/174143","targetHints":{"allow":["GET"]}}],"collection":[{"href":"https:\/\/www.europesays.com\/ee\/wp-json\/wp\/v2\/posts"}],"about":[{"href":"https:\/\/www.europesays.com\/ee\/wp-json\/wp\/v2\/types\/post"}],"author":[{"embeddable":true,"href":"https:\/\/www.europesays.com\/ee\/wp-json\/wp\/v2\/users\/2"}],"replies":[{"embeddable":true,"href":"https:\/\/www.europesays.com\/ee\/wp-json\/wp\/v2\/comments?post=174143"}],"version-history":[{"count":0,"href":"https:\/\/www.europesays.com\/ee\/wp-json\/wp\/v2\/posts\/174143\/revisions"}],"wp:featuredmedia":[{"embeddable":true,"href":"https:\/\/www.europesays.com\/ee\/wp-json\/wp\/v2\/media\/174144"}],"wp:attachment":[{"href":"https:\/\/www.europesays.com\/ee\/wp-json\/wp\/v2\/media?parent=174143"}],"wp:term":[{"taxonomy":"category","embeddable":true,"href":"https:\/\/www.europesays.com\/ee\/wp-json\/wp\/v2\/categories?post=174143"},{"taxonomy":"post_tag","embeddable":true,"href":"https:\/\/www.europesays.com\/ee\/wp-json\/wp\/v2\/tags?post=174143"}],"curies":[{"name":"wp","href":"https:\/\/api.w.org\/{rel}","templated":true}]}}