{"id":174157,"date":"2026-05-10T10:06:07","date_gmt":"2026-05-10T10:06:07","guid":{"rendered":"https:\/\/www.europesays.com\/ee\/174157\/"},"modified":"2026-05-10T10:06:07","modified_gmt":"2026-05-10T10:06:07","slug":"poola-voimud-tuvastasid-ilmselt-vene-paritolu-luuredrooni-valismaa","status":"publish","type":"post","link":"https:\/\/www.europesays.com\/ee\/174157\/","title":{"rendered":"Poola v\u00f5imud tuvastasid ilmselt Vene p\u00e4ritolu luuredrooni | V\u00e4lismaa"},"content":{"rendered":"<p>Poola v\u00f5imud avastasid 9. mail Bartoszyce linna l\u00e4hedalt, umbes 20 kilomeetri kauguselt Venemaa Kaliningradi oblasti piirist, luuredrooni, teatas riigi s\u00f5jav\u00e4epolitsei.<\/p>\n<p>&#8220;Esialgsed leiud s\u00fcndmuskohal viitavad sellele, et tegemist oli t\u00f5en\u00e4oliselt s\u00f5jalise luuredrooniga, millel puudusid lahinguv\u00f5imekused,&#8221; \u00fctles Poola s\u00f5jav\u00e4epolitsei avalduses.<\/p>\n<p>Poola raadiojaam RMF FM teatas, et droonil olid venekeelsed kirjed. Alla kukkunud droon oli varustatud ka mitme kaameraga, mis olid kinnitatud selle kerele.<\/p>\n<p>RMF kirjutas mitteametlikule teabele viidates, et droon v\u00f5is lennata Poola \u00f5huruumi Venemaalt.<\/p>\n<p>Poola v\u00f5imud on seni kinnitanud vaid, et tegemist oli drooniga, mis ei p\u00e4rinenud Poolast.<\/p>\n<p>Arvestades drooni piiratud lennuulatust, ei saanud see lennata Poola Ukrainast ning praegused viited osutavad, et see v\u00f5is tulla Venemaa tugevalt relvastatud Kaliningradi enklaavist, kirjutab RMF FM.<\/p>\n<p>Venemaa droonid ja raketid on Ukraina vastu suunatud r\u00fcnnakute k\u00e4igus korduvalt rikkunud Poola ja teiste NATO liikmesriikide \u00f5huruumi.<\/p>\n<p>Mitmed droonid sisenesid 7. mai varahommikul L\u00e4ti \u00f5huruumi ning \u00fcks neist kukkus alla riigi idaosas asuvas R\u0113zekne linnas, naftahoidla juures.<\/p>\n<p>L\u00e4ti v\u00f5imud viitasid, et droonid v\u00f5isid riiki olla eksinud Ukrainast ning olid m\u00f5eldud sihtm\u00e4rkide r\u00fcndamiseks Venemaal.<\/p>\n","protected":false},"excerpt":{"rendered":"Poola v\u00f5imud avastasid 9. mail Bartoszyce linna l\u00e4hedalt, umbes 20 kilomeetri kauguselt Venemaa Kaliningradi oblasti piirist, luuredrooni, teatas&hellip;\n","protected":false},"author":2,"featured_media":174158,"comment_status":"","ping_status":"","sticky":false,"template":"","format":"standard","meta":{"footnotes":"","_share_on_mastodon":"0"},"categories":[80],"tags":[26,27,37,33,35,34,36,31,32,21,28,29,4630,95,19,111,25,23,24,124,22,20,30,92,93,94],"class_list":["post-174157","post","type-post","status-publish","format-standard","has-post-thumbnail","category-maailm","tag-breaking-news","tag-breakingnews","tag-ee","tag-eesti","tag-eesti-keel","tag-estonia","tag-estonian","tag-featured-news","tag-featurednews","tag-headlines","tag-latest-news","tag-latestnews","tag-luuredroon","tag-maailm","tag-news","tag-poola","tag-populaarseimad-lood","tag-top-stories","tag-topstories","tag-ukraina-soda","tag-uldised-uudised","tag-uudised","tag-viimased-uudised","tag-world","tag-world-news","tag-worldnews"],"share_on_mastodon":{"url":"https:\/\/pubeurope.com\/@ee\/116549725915244722","error":""},"_links":{"self":[{"href":"https:\/\/www.europesays.com\/ee\/wp-json\/wp\/v2\/posts\/174157","targetHints":{"allow":["GET"]}}],"collection":[{"href":"https:\/\/www.europesays.com\/ee\/wp-json\/wp\/v2\/posts"}],"about":[{"href":"https:\/\/www.europesays.com\/ee\/wp-json\/wp\/v2\/types\/post"}],"author":[{"embeddable":true,"href":"https:\/\/www.europesays.com\/ee\/wp-json\/wp\/v2\/users\/2"}],"replies":[{"embeddable":true,"href":"https:\/\/www.europesays.com\/ee\/wp-json\/wp\/v2\/comments?post=174157"}],"version-history":[{"count":0,"href":"https:\/\/www.europesays.com\/ee\/wp-json\/wp\/v2\/posts\/174157\/revisions"}],"wp:featuredmedia":[{"embeddable":true,"href":"https:\/\/www.europesays.com\/ee\/wp-json\/wp\/v2\/media\/174158"}],"wp:attachment":[{"href":"https:\/\/www.europesays.com\/ee\/wp-json\/wp\/v2\/media?parent=174157"}],"wp:term":[{"taxonomy":"category","embeddable":true,"href":"https:\/\/www.europesays.com\/ee\/wp-json\/wp\/v2\/categories?post=174157"},{"taxonomy":"post_tag","embeddable":true,"href":"https:\/\/www.europesays.com\/ee\/wp-json\/wp\/v2\/tags?post=174157"}],"curies":[{"name":"wp","href":"https:\/\/api.w.org\/{rel}","templated":true}]}}