{"id":174249,"date":"2026-05-10T12:07:29","date_gmt":"2026-05-10T12:07:29","guid":{"rendered":"https:\/\/www.europesays.com\/ee\/174249\/"},"modified":"2026-05-10T12:07:29","modified_gmt":"2026-05-10T12:07:29","slug":"kodudesse-kogutakse-sularaha-ja-toiduvarusid","status":"publish","type":"post","link":"https:\/\/www.europesays.com\/ee\/174249\/","title":{"rendered":"kodudesse kogutakse sularaha ja toiduvarusid"},"content":{"rendered":"<p>Miljonid britid valmistuvad v\u00f5imalikeks suurteks h\u00e4ireolukordadeks, hoides kodus sularaha, varudes konserve ja hankides patareitoitel seadmeid, selgus \u00dchendkuningriigis tehtud uuringust.<\/p>\n<p>S\u00f5jad Ukrainas ja L\u00e4his-Idas, sagenenud \u00e4\u00e4rmuslikud ilmastikun\u00e4htused ning hoiatused, et \u00dchendkuningriigi kriitiline taristu v\u00f5ib sattuda k\u00fcberr\u00fcnnakute v\u00f5i elektrikatkestuste alla, on pannud britid valmistuma kriisideks.<\/p>\n","protected":false},"excerpt":{"rendered":"Miljonid britid valmistuvad v\u00f5imalikeks suurteks h\u00e4ireolukordadeks, hoides kodus sularaha, varudes konserve ja hankides patareitoitel seadmeid, selgus \u00dchendkuningriigis tehtud&hellip;\n","protected":false},"author":2,"featured_media":174250,"comment_status":"","ping_status":"","sticky":false,"template":"","format":"standard","meta":{"footnotes":"","_share_on_mastodon":"0"},"categories":[80],"tags":[26,27,37,33,35,26171,34,36,31,32,21,6470,766,28,29,95,19,25,818,23,24,1038,22,20,30,92,93,94],"class_list":["post-174249","post","type-post","status-publish","format-standard","has-post-thumbnail","category-maailm","tag-breaking-news","tag-breakingnews","tag-ee","tag-eesti","tag-eesti-keel","tag-elektrikatkestus","tag-estonia","tag-estonian","tag-featured-news","tag-featurednews","tag-headlines","tag-kriisivalmidus","tag-kuberrunnak","tag-latest-news","tag-latestnews","tag-maailm","tag-news","tag-populaarseimad-lood","tag-sularaha","tag-top-stories","tag-topstories","tag-uhendkuningriik","tag-uldised-uudised","tag-uudised","tag-viimased-uudised","tag-world","tag-world-news","tag-worldnews"],"share_on_mastodon":{"url":"https:\/\/pubeurope.com\/@ee\/116550201761976993","error":""},"_links":{"self":[{"href":"https:\/\/www.europesays.com\/ee\/wp-json\/wp\/v2\/posts\/174249","targetHints":{"allow":["GET"]}}],"collection":[{"href":"https:\/\/www.europesays.com\/ee\/wp-json\/wp\/v2\/posts"}],"about":[{"href":"https:\/\/www.europesays.com\/ee\/wp-json\/wp\/v2\/types\/post"}],"author":[{"embeddable":true,"href":"https:\/\/www.europesays.com\/ee\/wp-json\/wp\/v2\/users\/2"}],"replies":[{"embeddable":true,"href":"https:\/\/www.europesays.com\/ee\/wp-json\/wp\/v2\/comments?post=174249"}],"version-history":[{"count":0,"href":"https:\/\/www.europesays.com\/ee\/wp-json\/wp\/v2\/posts\/174249\/revisions"}],"wp:featuredmedia":[{"embeddable":true,"href":"https:\/\/www.europesays.com\/ee\/wp-json\/wp\/v2\/media\/174250"}],"wp:attachment":[{"href":"https:\/\/www.europesays.com\/ee\/wp-json\/wp\/v2\/media?parent=174249"}],"wp:term":[{"taxonomy":"category","embeddable":true,"href":"https:\/\/www.europesays.com\/ee\/wp-json\/wp\/v2\/categories?post=174249"},{"taxonomy":"post_tag","embeddable":true,"href":"https:\/\/www.europesays.com\/ee\/wp-json\/wp\/v2\/tags?post=174249"}],"curies":[{"name":"wp","href":"https:\/\/api.w.org\/{rel}","templated":true}]}}