{"id":174378,"date":"2026-05-10T15:15:58","date_gmt":"2026-05-10T15:15:58","guid":{"rendered":"https:\/\/www.europesays.com\/ee\/174378\/"},"modified":"2026-05-10T15:15:58","modified_gmt":"2026-05-10T15:15:58","slug":"terroristid-tapsid-pakistanis-15-inimest-valismaa","status":"publish","type":"post","link":"https:\/\/www.europesays.com\/ee\/174378\/","title":{"rendered":"Terroristid tapsid Pakistanis 15 inimest | V\u00e4lismaa"},"content":{"rendered":"<p>Loode-Pakistanis lasid v\u00f5itlejad kontrollpunktis \u00f5hku autopommi ja avasid politsei pihta tule. Surma sai v\u00e4hemalt 15 ning haavata kolm inimest, teatasid Pakistani ametnikud p\u00fchap\u00e4eval.<\/p>\n<p>&#8220;Eile \u00f5htul Bannu Fateh Kheli piirkonnas rammis enesetaputerrorist l\u00f5hkeainega laetud s\u00f5idukiga politsei kontrollpunkti, mille j\u00e4rel sisenesid mitmed v\u00f5itlejad kontrollpunkti hoonesse,&#8221; \u00fctles AFP-le Bannu politseiametnik Muhammad Sajjad Khan.<\/p>\n<p>Tema s\u00f5nul on kinnitust saanud 15 politseiniku hukkumine.<\/p>\n<p>Tegu on j\u00e4rjekordse r\u00fcnnakuga Khyber Pakhtunkhwa piiriprovintsis puhkenud s\u00f5jategevuse laines, mis pingestab Islamabadi ja Kabuli vahelisi suhteid.<\/p>\n<p>Ametnike s\u00f5nul tungisid relvastatud isikud p\u00e4rast autopommiplahvatust politsei kontrollpunkti ja avasid tule. M\u00e4rkimisv\u00e4\u00e4rne on seegi, et r\u00fcndajad kasutasid oma operatsioonis ka v\u00e4ikeseid droone.<\/p>\n<p>&#8220;R\u00fcnnaku ajal kasutasid v\u00f5itlejad lisaks raskerelvastusele ka kvadrokoptereid,&#8221; \u00fctles anon\u00fc\u00fcmseks j\u00e4\u00e4da soovinud k\u00f5rge Bannu haldusametnik.<\/p>\n<p>Ametniku s\u00f5nul osales r\u00fcnnakus \u00fcle 100 v\u00f5itleja.<\/p>\n<p>&#8220;Lisaks v\u00f5tsid r\u00fcndajad taganedes kontrollpunktist kaasa politseinikke ja relvi,&#8221; lisas ta.<\/p>\n<p>\u00c4\u00e4rmuslaste tegevus, mis on laienenud \u00fcle Pakistani piirialade, on viimastel aastatel haaranud ka Bannu piirkonda.<\/p>\n<p>Kuigi Kabuli Talibani valitsus eitab Pakistani s\u00fc\u00fcdistusi, justkui oleks Afganistani territoorium \u00e4\u00e4rmuslastele turvaline pelgupaik, on jahedad suhted paisunud ohvriterohkeks relvakonfliktiks.<\/p>\n<p>Pakistan on viimastel kuudel korraldanud \u00f5hur\u00fcnnakuid mitmele Afganistani linnale, sealhulgas pealinnale Kabulile.<\/p>\n","protected":false},"excerpt":{"rendered":"Loode-Pakistanis lasid v\u00f5itlejad kontrollpunktis \u00f5hku autopommi ja avasid politsei pihta tule. Surma sai v\u00e4hemalt 15 ning haavata kolm&hellip;\n","protected":false},"author":2,"featured_media":174379,"comment_status":"","ping_status":"","sticky":false,"template":"","format":"standard","meta":{"footnotes":"","_share_on_mastodon":"0"},"categories":[80],"tags":[79317,26,27,37,33,35,34,36,31,32,21,28,29,95,19,330,25,99,23,24,22,20,30,92,93,94],"class_list":["post-174378","post","type-post","status-publish","format-standard","has-post-thumbnail","category-maailm","tag-afghanistan","tag-breaking-news","tag-breakingnews","tag-ee","tag-eesti","tag-eesti-keel","tag-estonia","tag-estonian","tag-featured-news","tag-featurednews","tag-headlines","tag-latest-news","tag-latestnews","tag-maailm","tag-news","tag-pakistan","tag-populaarseimad-lood","tag-terrorism","tag-top-stories","tag-topstories","tag-uldised-uudised","tag-uudised","tag-viimased-uudised","tag-world","tag-world-news","tag-worldnews"],"share_on_mastodon":{"url":"https:\/\/pubeurope.com\/@ee\/116550944902390164","error":""},"_links":{"self":[{"href":"https:\/\/www.europesays.com\/ee\/wp-json\/wp\/v2\/posts\/174378","targetHints":{"allow":["GET"]}}],"collection":[{"href":"https:\/\/www.europesays.com\/ee\/wp-json\/wp\/v2\/posts"}],"about":[{"href":"https:\/\/www.europesays.com\/ee\/wp-json\/wp\/v2\/types\/post"}],"author":[{"embeddable":true,"href":"https:\/\/www.europesays.com\/ee\/wp-json\/wp\/v2\/users\/2"}],"replies":[{"embeddable":true,"href":"https:\/\/www.europesays.com\/ee\/wp-json\/wp\/v2\/comments?post=174378"}],"version-history":[{"count":0,"href":"https:\/\/www.europesays.com\/ee\/wp-json\/wp\/v2\/posts\/174378\/revisions"}],"wp:featuredmedia":[{"embeddable":true,"href":"https:\/\/www.europesays.com\/ee\/wp-json\/wp\/v2\/media\/174379"}],"wp:attachment":[{"href":"https:\/\/www.europesays.com\/ee\/wp-json\/wp\/v2\/media?parent=174378"}],"wp:term":[{"taxonomy":"category","embeddable":true,"href":"https:\/\/www.europesays.com\/ee\/wp-json\/wp\/v2\/categories?post=174378"},{"taxonomy":"post_tag","embeddable":true,"href":"https:\/\/www.europesays.com\/ee\/wp-json\/wp\/v2\/tags?post=174378"}],"curies":[{"name":"wp","href":"https:\/\/api.w.org\/{rel}","templated":true}]}}