{"id":17446,"date":"2025-10-11T21:14:09","date_gmt":"2025-10-11T21:14:09","guid":{"rendered":"https:\/\/www.europesays.com\/ee\/17446\/"},"modified":"2025-10-11T21:14:09","modified_gmt":"2025-10-11T21:14:09","slug":"witkoff-ja-kushner-vaisasid-gaza-sektorit","status":"publish","type":"post","link":"https:\/\/www.europesays.com\/ee\/17446\/","title":{"rendered":"Witkoff ja Kushner v\u00e4isasid Gaza sektorit"},"content":{"rendered":"<p>Iisraeli armee \u00fclem kindralleitnant Eyal Zamir tegi Gaza sektoris ringk\u00e4igu koos USA L\u00e4his-Ida saadiku Witkoffi, Trumpi v\u00e4imehe Kushneri ja USA keskv\u00e4ejuhatuse (CENTCOM) \u00fclema admiral Brad Cooperiga, teatas Iisraeli s\u00f5jav\u00e4gi oma avalduses.<\/p>\n<p>Hiljem osalesid Witkoff ja Kushner Tel Avivis Iisraeli pantvangide perede korraldatud meeleavaldusel, mis toimus enne vangide oodatavat vabastamist Gaza sektorist.<\/p>\n","protected":false},"excerpt":{"rendered":"Iisraeli armee \u00fclem kindralleitnant Eyal Zamir tegi Gaza sektoris ringk\u00e4igu koos USA L\u00e4his-Ida saadiku Witkoffi, Trumpi v\u00e4imehe Kushneri&hellip;\n","protected":false},"author":2,"featured_media":17447,"comment_status":"","ping_status":"","sticky":false,"template":"","format":"standard","meta":{"footnotes":"","_share_on_mastodon":"0"},"categories":[80],"tags":[26,27,37,33,35,34,36,31,32,620,21,619,28,29,95,19,25,23,24,22,20,30,10633,92,93,94],"class_list":["post-17446","post","type-post","status-publish","format-standard","has-post-thumbnail","category-maailm","tag-breaking-news","tag-breakingnews","tag-ee","tag-eesti","tag-eesti-keel","tag-estonia","tag-estonian","tag-featured-news","tag-featurednews","tag-gaza","tag-headlines","tag-iisrael","tag-latest-news","tag-latestnews","tag-maailm","tag-news","tag-populaarseimad-lood","tag-top-stories","tag-topstories","tag-uldised-uudised","tag-uudised","tag-viimased-uudised","tag-witkoff","tag-world","tag-world-news","tag-worldnews"],"share_on_mastodon":{"url":"","error":""},"_links":{"self":[{"href":"https:\/\/www.europesays.com\/ee\/wp-json\/wp\/v2\/posts\/17446","targetHints":{"allow":["GET"]}}],"collection":[{"href":"https:\/\/www.europesays.com\/ee\/wp-json\/wp\/v2\/posts"}],"about":[{"href":"https:\/\/www.europesays.com\/ee\/wp-json\/wp\/v2\/types\/post"}],"author":[{"embeddable":true,"href":"https:\/\/www.europesays.com\/ee\/wp-json\/wp\/v2\/users\/2"}],"replies":[{"embeddable":true,"href":"https:\/\/www.europesays.com\/ee\/wp-json\/wp\/v2\/comments?post=17446"}],"version-history":[{"count":0,"href":"https:\/\/www.europesays.com\/ee\/wp-json\/wp\/v2\/posts\/17446\/revisions"}],"wp:featuredmedia":[{"embeddable":true,"href":"https:\/\/www.europesays.com\/ee\/wp-json\/wp\/v2\/media\/17447"}],"wp:attachment":[{"href":"https:\/\/www.europesays.com\/ee\/wp-json\/wp\/v2\/media?parent=17446"}],"wp:term":[{"taxonomy":"category","embeddable":true,"href":"https:\/\/www.europesays.com\/ee\/wp-json\/wp\/v2\/categories?post=17446"},{"taxonomy":"post_tag","embeddable":true,"href":"https:\/\/www.europesays.com\/ee\/wp-json\/wp\/v2\/tags?post=17446"}],"curies":[{"name":"wp","href":"https:\/\/api.w.org\/{rel}","templated":true}]}}