{"id":174505,"date":"2026-05-10T18:16:08","date_gmt":"2026-05-10T18:16:08","guid":{"rendered":"https:\/\/www.europesays.com\/ee\/174505\/"},"modified":"2026-05-10T18:16:08","modified_gmt":"2026-05-10T18:16:08","slug":"sojapaevik-1537-paev-taiesti-vastuvoetamatu-jerevan-suutis-kremli-valja-vihastada","status":"publish","type":"post","link":"https:\/\/www.europesays.com\/ee\/174505\/","title":{"rendered":"S\u00d5JAP\u00c4EVIK (1537. p\u00e4ev) | \u201eT\u00e4iesti vastuv\u00f5etamatu.\u201c Jerevan suutis Kremli v\u00e4lja vihastada"},"content":{"rendered":"<p><img decoding=\"async\" src=\"https:\/\/www.europesays.com\/ee\/wp-content\/uploads\/2026\/05\/a3a5407d-3776-472d-b3fc-391ffe1a66d5.jpg\" loading=\"lazy\" alt=\"\u201eINTELLIGENTE LAHUTUS?\u201c: Armeenia peaministri Nikol Pa\u0161injani ja Venemaa valitseja Vladimir Putini suhted on viimasel ajal pingestunud, sest Jerevan otsib \u00fcha tihedamaid sidemeid Euroopa Liiduga.\"\/><\/p>\n<p>\u201eINTELLIGENTE LAHUTUS?\u201c: Armeenia peaministri Nikol Pa\u0161injani ja Venemaa valitseja Vladimir Putini suhted on viimasel ajal pingestunud, sest Jerevan otsib \u00fcha tihedamaid sidemeid Euroopa Liiduga.<\/p>\n<p>FOTO: Sergei Ilnitsky| via REUTERS<\/p>\n<p>Venemaa valitseja Vladimir Putini s\u00f5nul peab Armeenia v\u00f5imalikult kiiresti  otsustama, kas ta soovib liituda Euroopa Liidu v\u00f5i Venemaa t\u00fc\u00fcritava Euraasia majandusliiduga. Otsuse korral on Putini v\u00e4itel v\u00f5imalik ka \u201eintelligentne lahutus\u201c.<\/p>\n","protected":false},"excerpt":{"rendered":"\u201eINTELLIGENTE LAHUTUS?\u201c: Armeenia peaministri Nikol Pa\u0161injani ja Venemaa valitseja Vladimir Putini suhted on viimasel ajal pingestunud, sest Jerevan&hellip;\n","protected":false},"author":2,"featured_media":174506,"comment_status":"","ping_status":"","sticky":false,"template":"","format":"standard","meta":{"footnotes":"","_share_on_mastodon":"0"},"categories":[80],"tags":[6647,26,27,37,33,35,34,36,590,31,32,9006,21,28,29,95,19,25,107,23,24,22,20,96,30,661,263,92,93,94],"class_list":["post-174505","post","type-post","status-publish","format-standard","has-post-thumbnail","category-maailm","tag-armeenia","tag-breaking-news","tag-breakingnews","tag-ee","tag-eesti","tag-eesti-keel","tag-estonia","tag-estonian","tag-euroopa-liit","tag-featured-news","tag-featurednews","tag-gerhard-schroder","tag-headlines","tag-latest-news","tag-latestnews","tag-maailm","tag-news","tag-populaarseimad-lood","tag-soda-ukrainas","tag-top-stories","tag-topstories","tag-uldised-uudised","tag-uudised","tag-venemaa","tag-viimased-uudised","tag-vladimir-putin","tag-volodomor-zelenskoi","tag-world","tag-world-news","tag-worldnews"],"share_on_mastodon":{"url":"https:\/\/pubeurope.com\/@ee\/116551652778994172","error":""},"_links":{"self":[{"href":"https:\/\/www.europesays.com\/ee\/wp-json\/wp\/v2\/posts\/174505","targetHints":{"allow":["GET"]}}],"collection":[{"href":"https:\/\/www.europesays.com\/ee\/wp-json\/wp\/v2\/posts"}],"about":[{"href":"https:\/\/www.europesays.com\/ee\/wp-json\/wp\/v2\/types\/post"}],"author":[{"embeddable":true,"href":"https:\/\/www.europesays.com\/ee\/wp-json\/wp\/v2\/users\/2"}],"replies":[{"embeddable":true,"href":"https:\/\/www.europesays.com\/ee\/wp-json\/wp\/v2\/comments?post=174505"}],"version-history":[{"count":0,"href":"https:\/\/www.europesays.com\/ee\/wp-json\/wp\/v2\/posts\/174505\/revisions"}],"wp:featuredmedia":[{"embeddable":true,"href":"https:\/\/www.europesays.com\/ee\/wp-json\/wp\/v2\/media\/174506"}],"wp:attachment":[{"href":"https:\/\/www.europesays.com\/ee\/wp-json\/wp\/v2\/media?parent=174505"}],"wp:term":[{"taxonomy":"category","embeddable":true,"href":"https:\/\/www.europesays.com\/ee\/wp-json\/wp\/v2\/categories?post=174505"},{"taxonomy":"post_tag","embeddable":true,"href":"https:\/\/www.europesays.com\/ee\/wp-json\/wp\/v2\/tags?post=174505"}],"curies":[{"name":"wp","href":"https:\/\/api.w.org\/{rel}","templated":true}]}}