{"id":174609,"date":"2026-05-10T22:17:09","date_gmt":"2026-05-10T22:17:09","guid":{"rendered":"https:\/\/www.europesays.com\/ee\/174609\/"},"modified":"2026-05-10T22:17:09","modified_gmt":"2026-05-10T22:17:09","slug":"video-kaheksandat-mm-tiitlit-jahtiv-marc-marquez-tegi-prantsusmaa-gp-l-raske-avarii","status":"publish","type":"post","link":"https:\/\/www.europesays.com\/ee\/174609\/","title":{"rendered":"VIDEO | Kaheksandat MM-tiitlit jahtiv Marc Marquez tegi Prantsusmaa GP-l raske avarii"},"content":{"rendered":"<p>Marquez kaotas \u00fches paremkurvis oma mootorratta \u00fcle kontrolli ja paiskus \u00fcle lenkstangi masina seljast maha. Marquezi kodutiim <a rel=\"noopener nofollow\" target=\"_blank\" href=\"https:\/\/www.delfi.ee\/teema\/26917109\/ducati\" tag-id=\"26917109\">Ducati<\/a> teatas hiljem tehtud avalduses, et hispaanlane murdis kukkumise tagaj\u00e4rjel parema jala viienda p\u00f6ialuu. <\/p>\n<p>Marquez lennutati Le Mansist Hispaania pealinna Madridi, kus talle tehakse operatsioon. Lisaks Prantsusmaa GP-le peab ta vahele j\u00e4tma j\u00e4rgmisel n\u00e4dalavahetusel toimuva Kataloonia GP. Mai l\u00f5pus toimuval Itaalia etapil peaks hispaanlane tagasi v\u00f5istkonna rivis olema.<\/p>\n<p>Video Marquezi \u00f5nnetusest:<\/p>\n<p>Kahtlemata oli \u00f5nnetus Marquezile suur tagasil\u00f6\u00f6k ka MM-tiitli heitlust silmas pidades. Karj\u00e4\u00e4ri kaheksandat MotoGP maailmameistritiitlit jahtiv Marquez hoiab sarja kokkuv\u00f5ttes Prantsusmaa etapi j\u00e4rel alles seitsmendat kohta. Kui Marquezil on punkte koos 57, siis sarja liidril, itaallasel Marco Bezzecchil 128.<\/p>\n<p>MotoGP etapi Le Mansi ringrajal v\u00f5itis Jorge Martin, kellele j\u00e4rgnesid Bezzecchi ja Ai Ogura.<\/p>\n<p>Kuidas see lugu Sind end tundma pani? Saada <a href=\"https:\/\/sport.delfi.ee\/artikkel\/120574337\/video-kaheksandat-mm-tiitlit-jahtiv-marc-marquez-tegi-prantsusmaa-gp-l-raske-avarii\/kommentaarid\" class=\"article-body-bottom__comment article-body-bottom__comment--write button button--primary button--size-auto\" rel=\"nofollow noopener\" target=\"_blank\"> Kommenteeri <\/a><a href=\"https:\/\/sport.delfi.ee\/artikkel\/120574337\/video-kaheksandat-mm-tiitlit-jahtiv-marc-marquez-tegi-prantsusmaa-gp-l-raske-avarii\/kommentaarid\" class=\"article-body-bottom__comment article-body-bottom__comment--read button button--size-auto\" rel=\"nofollow noopener\" target=\"_blank\"> Loe kommentaare <\/a><\/p>\n","protected":false},"excerpt":{"rendered":"Marquez kaotas \u00fches paremkurvis oma mootorratta \u00fcle kontrolli ja paiskus \u00fcle lenkstangi masina seljast maha. Marquezi kodutiim Ducati&hellip;\n","protected":false},"author":2,"featured_media":174610,"comment_status":"","ping_status":"","sticky":false,"template":"","format":"standard","meta":{"footnotes":"","_share_on_mastodon":"0"},"categories":[18],"tags":[79347,37,33,35,34,36,79348,5248,4880,159,158],"class_list":["post-174609","post","type-post","status-publish","format-standard","has-post-thumbnail","category-sport","tag-ducati","tag-ee","tag-eesti","tag-eesti-keel","tag-estonia","tag-estonian","tag-le-mans","tag-marc-marquez","tag-motogp","tag-sport","tag-sports"],"share_on_mastodon":{"url":"https:\/\/pubeurope.com\/@ee\/116552600532726584","error":""},"_links":{"self":[{"href":"https:\/\/www.europesays.com\/ee\/wp-json\/wp\/v2\/posts\/174609","targetHints":{"allow":["GET"]}}],"collection":[{"href":"https:\/\/www.europesays.com\/ee\/wp-json\/wp\/v2\/posts"}],"about":[{"href":"https:\/\/www.europesays.com\/ee\/wp-json\/wp\/v2\/types\/post"}],"author":[{"embeddable":true,"href":"https:\/\/www.europesays.com\/ee\/wp-json\/wp\/v2\/users\/2"}],"replies":[{"embeddable":true,"href":"https:\/\/www.europesays.com\/ee\/wp-json\/wp\/v2\/comments?post=174609"}],"version-history":[{"count":0,"href":"https:\/\/www.europesays.com\/ee\/wp-json\/wp\/v2\/posts\/174609\/revisions"}],"wp:featuredmedia":[{"embeddable":true,"href":"https:\/\/www.europesays.com\/ee\/wp-json\/wp\/v2\/media\/174610"}],"wp:attachment":[{"href":"https:\/\/www.europesays.com\/ee\/wp-json\/wp\/v2\/media?parent=174609"}],"wp:term":[{"taxonomy":"category","embeddable":true,"href":"https:\/\/www.europesays.com\/ee\/wp-json\/wp\/v2\/categories?post=174609"},{"taxonomy":"post_tag","embeddable":true,"href":"https:\/\/www.europesays.com\/ee\/wp-json\/wp\/v2\/tags?post=174609"}],"curies":[{"name":"wp","href":"https:\/\/api.w.org\/{rel}","templated":true}]}}