{"id":174991,"date":"2026-05-11T10:12:08","date_gmt":"2026-05-11T10:12:08","guid":{"rendered":"https:\/\/www.europesays.com\/ee\/174991\/"},"modified":"2026-05-11T10:12:08","modified_gmt":"2026-05-11T10:12:08","slug":"kas-iisrael-toesti-kardab-soome-voitu-iisraeli-ajakirjanikud-avaldasid-skandaali-kohta-toe","status":"publish","type":"post","link":"https:\/\/www.europesays.com\/ee\/174991\/","title":{"rendered":"Kas Iisrael t\u00f5esti kardab Soome v\u00f5itu? Iisraeli ajakirjanikud avaldasid skandaali kohta t\u00f5e"},"content":{"rendered":"<p>Iisraeli meedias ilumus \u00fcle-eelmisel n\u00e4dalal artikkel, kus tunnistati, et Soome v\u00f5it poleks Iisraelile kaugeltki meeltm\u00f6\u00f6da, sest Palestiina k\u00fcsimuses pole nende \u00fchiskonnad sina peal. \u201eKui Soome t\u00f5esti v\u00f5idab, on see meie jaoks v\u00e4ga suur v\u00e4ljakutse,\u201c \u00fctles delegatsiooni liige. Ta viitas suurele vihale nende vastu. \u201eT\u00f5si, me elasime <a rel=\"noopener nofollow\" target=\"_blank\" href=\"https:\/\/www.delfi.ee\/teema\/56941914\/malmo\" tag-id=\"56941914\">Malm\u00f6<\/a> \u00fcle, kuid viha me vastu aina kasvab. Kui asi selleni l\u00e4heb (Eurovision Soomes -toim), peame neid k\u00fcsimusi v\u00e4ga t\u00f5siselt arutama.\u201c Ilmselt muretsetakse oma julgeoleku p\u00e4rast.<\/p>\n<p>Rootsis Malm\u00f6s toimus v\u00f5istlus kaks aastat tagasi. Tol n\u00e4dalal oli seal suur meeleavaldus Iisraeli vastu. Palestiina toetuseks kanti nende lippe ja h\u00f5igati toetavaid loosungeid. \u00dcle\u00fcldiselt oli foon Iisraeli vastu.<\/p>\n<p>Seet\u00f5ttu r\u00e4\u00e4kis Iltalehti ajakirjanik avatseremoonial mitme Iisraeli ajakirjanikuga, kes avaldasid, miks selline torm antud teema \u00fcmber tekitati.<\/p>\n<p>\u201eAsi on selles, et me ei taha v\u00f5istlusi v\u00f5ita. K\u00f5ik teavad, et Iisraelis neid ju korraldada ei saa. See oli katse panna inimesi Soome poolt h\u00e4\u00e4letama, teate k\u00fcll, tekitada vastureaktsiooni,\u201c \u00fctles Iltalehtile v\u00e4ljaande Euromix ajakirjanik. Ka teine Iisraelist p\u00e4rit reporter teatas soomlastele, et Iisrael v\u00f5idab ikkagi rahvah\u00e4\u00e4letuse. Samas on nad igati toetavad Soome esindajate Linda Lampeniuse ja Pete Parkkoneni suhtes ning uurisid, kuidas meie p\u00f5hjanaabrite juures turvalisusega on.<\/p>\n<p>Iisraeli esindaja p\u00fchap\u00e4evasel avatseremoonial meedia ette ei j\u00f5udnud. Ka Soome esindajad osutusid nii populaarseks, et pidid vaid v\u00e4ga valitud ajakirjanikele intervjuusid andma. Suure osa t\u00fcrkiissinisest vaibast l\u00e4bisid nad kiiruga ja andsid l\u00fchikese intervjuu Soome meediav\u00e4ljaannetele. <\/p>\n<p>Kuidas see lugu Sind end tundma pani? Saada <a href=\"https:\/\/kroonika.delfi.ee\/artikkel\/120574478\/kas-iisrael-toesti-kardab-soome-voitu-iisraeli-ajakirjanikud-avaldasid-skandaali-kohta-toe\/kommentaarid\" class=\"article-body-bottom__comment article-body-bottom__comment--write button button--primary button--size-auto\" rel=\"nofollow noopener\" target=\"_blank\"> Kommenteeri <\/a><a href=\"https:\/\/kroonika.delfi.ee\/artikkel\/120574478\/kas-iisrael-toesti-kardab-soome-voitu-iisraeli-ajakirjanikud-avaldasid-skandaali-kohta-toe\/kommentaarid\" class=\"article-body-bottom__comment article-body-bottom__comment--read button button--size-auto\" rel=\"nofollow noopener\" target=\"_blank\"> Loe kommentaare (6)<\/a><\/p>\n","protected":false},"excerpt":{"rendered":"Iisraeli meedias ilumus \u00fcle-eelmisel n\u00e4dalal artikkel, kus tunnistati, et Soome v\u00f5it poleks Iisraelile kaugeltki meeltm\u00f6\u00f6da, sest Palestiina k\u00fcsimuses&hellip;\n","protected":false},"author":2,"featured_media":174992,"comment_status":"","ping_status":"","sticky":false,"template":"","format":"standard","meta":{"footnotes":"","_share_on_mastodon":"0"},"categories":[16],"tags":[37,33,35,173,34,36,1936,14534,140],"class_list":["post-174991","post","type-post","status-publish","format-standard","has-post-thumbnail","category-meelelahutus","tag-ee","tag-eesti","tag-eesti-keel","tag-entertainment","tag-estonia","tag-estonian","tag-eurovision","tag-malmo","tag-meelelahutus"],"share_on_mastodon":{"url":"https:\/\/pubeurope.com\/@ee\/116555412076369183","error":""},"_links":{"self":[{"href":"https:\/\/www.europesays.com\/ee\/wp-json\/wp\/v2\/posts\/174991","targetHints":{"allow":["GET"]}}],"collection":[{"href":"https:\/\/www.europesays.com\/ee\/wp-json\/wp\/v2\/posts"}],"about":[{"href":"https:\/\/www.europesays.com\/ee\/wp-json\/wp\/v2\/types\/post"}],"author":[{"embeddable":true,"href":"https:\/\/www.europesays.com\/ee\/wp-json\/wp\/v2\/users\/2"}],"replies":[{"embeddable":true,"href":"https:\/\/www.europesays.com\/ee\/wp-json\/wp\/v2\/comments?post=174991"}],"version-history":[{"count":0,"href":"https:\/\/www.europesays.com\/ee\/wp-json\/wp\/v2\/posts\/174991\/revisions"}],"wp:featuredmedia":[{"embeddable":true,"href":"https:\/\/www.europesays.com\/ee\/wp-json\/wp\/v2\/media\/174992"}],"wp:attachment":[{"href":"https:\/\/www.europesays.com\/ee\/wp-json\/wp\/v2\/media?parent=174991"}],"wp:term":[{"taxonomy":"category","embeddable":true,"href":"https:\/\/www.europesays.com\/ee\/wp-json\/wp\/v2\/categories?post=174991"},{"taxonomy":"post_tag","embeddable":true,"href":"https:\/\/www.europesays.com\/ee\/wp-json\/wp\/v2\/tags?post=174991"}],"curies":[{"name":"wp","href":"https:\/\/api.w.org\/{rel}","templated":true}]}}