{"id":175101,"date":"2026-05-11T12:29:10","date_gmt":"2026-05-11T12:29:10","guid":{"rendered":"https:\/\/www.europesays.com\/ee\/175101\/"},"modified":"2026-05-11T12:29:10","modified_gmt":"2026-05-11T12:29:10","slug":"noor-taht-%e2%9f%a9-frankis-saranud-derek-leheste-voitis-itaalias-tahtsa-auhinna","status":"publish","type":"post","link":"https:\/\/www.europesays.com\/ee\/175101\/","title":{"rendered":"NOOR T\u00c4HT \u27e9 \u00abFr\u00e4nkis\u00bb s\u00e4ranud Derek Leheste v\u00f5itis Itaalias t\u00e4htsa auhinna"},"content":{"rendered":"<p>M\u00e4ngufilmi \u00abFr\u00e4nk\u00bb peaosat\u00e4itja Derek Leheste p\u00e4lvis Itaalias Sestri Levantes toimunud Riviera rahvusvahelisel filmifestivalil parima n\u00e4itleja auhinna.<\/p>\n<p>Riviera rahvusvaheline filmifestival on \u00fcks tunnustatumaid s\u00f5ltumatuid filmifestivale Itaalias, keskendudes nooremate kui 35-aastaste autorite loomingule ja \u00fchiskonda m\u00f5jutavatele lugudele.<\/p>\n","protected":false},"excerpt":{"rendered":"M\u00e4ngufilmi \u00abFr\u00e4nk\u00bb peaosat\u00e4itja Derek Leheste p\u00e4lvis Itaalias Sestri Levantes toimunud Riviera rahvusvahelisel filmifestivalil parima n\u00e4itleja auhinna. Riviera rahvusvaheline&hellip;\n","protected":false},"author":2,"featured_media":175102,"comment_status":"","ping_status":"","sticky":false,"template":"","format":"standard","meta":{"footnotes":"","_share_on_mastodon":"0"},"categories":[12],"tags":[52019,26,27,8468,37,33,17795,35,34,36,31,32,8467,21,28,29,42239,19,25,79429,8466,23,24,22,20,30],"class_list":["post-175101","post","type-post","status-publish","format-standard","has-post-thumbnail","category-eesti","tag-allfilm","tag-breaking-news","tag-breakingnews","tag-derek-leheste","tag-ee","tag-eesti","tag-eesti-film","tag-eesti-keel","tag-estonia","tag-estonian","tag-featured-news","tag-featurednews","tag-frank","tag-headlines","tag-latest-news","tag-latestnews","tag-laura-raud","tag-news","tag-populaarseimad-lood","tag-riviera-international-film-festival","tag-tonis-pill","tag-top-stories","tag-topstories","tag-uldised-uudised","tag-uudised","tag-viimased-uudised"],"share_on_mastodon":{"url":"https:\/\/pubeurope.com\/@ee\/116555950646404001","error":""},"_links":{"self":[{"href":"https:\/\/www.europesays.com\/ee\/wp-json\/wp\/v2\/posts\/175101","targetHints":{"allow":["GET"]}}],"collection":[{"href":"https:\/\/www.europesays.com\/ee\/wp-json\/wp\/v2\/posts"}],"about":[{"href":"https:\/\/www.europesays.com\/ee\/wp-json\/wp\/v2\/types\/post"}],"author":[{"embeddable":true,"href":"https:\/\/www.europesays.com\/ee\/wp-json\/wp\/v2\/users\/2"}],"replies":[{"embeddable":true,"href":"https:\/\/www.europesays.com\/ee\/wp-json\/wp\/v2\/comments?post=175101"}],"version-history":[{"count":0,"href":"https:\/\/www.europesays.com\/ee\/wp-json\/wp\/v2\/posts\/175101\/revisions"}],"wp:featuredmedia":[{"embeddable":true,"href":"https:\/\/www.europesays.com\/ee\/wp-json\/wp\/v2\/media\/175102"}],"wp:attachment":[{"href":"https:\/\/www.europesays.com\/ee\/wp-json\/wp\/v2\/media?parent=175101"}],"wp:term":[{"taxonomy":"category","embeddable":true,"href":"https:\/\/www.europesays.com\/ee\/wp-json\/wp\/v2\/categories?post=175101"},{"taxonomy":"post_tag","embeddable":true,"href":"https:\/\/www.europesays.com\/ee\/wp-json\/wp\/v2\/tags?post=175101"}],"curies":[{"name":"wp","href":"https:\/\/api.w.org\/{rel}","templated":true}]}}