{"id":175228,"date":"2026-05-11T14:40:11","date_gmt":"2026-05-11T14:40:11","guid":{"rendered":"https:\/\/www.europesays.com\/ee\/175228\/"},"modified":"2026-05-11T14:40:11","modified_gmt":"2026-05-11T14:40:11","slug":"on-aeg-hakata-varastama-venelaste-ostujou-langus-sunnib-poode-isegi-sokolaadi-luku-taha-panema","status":"publish","type":"post","link":"https:\/\/www.europesays.com\/ee\/175228\/","title":{"rendered":"\u201eOn aeg hakata varastama.\u201c Venelaste ostuj\u00f5u langus sunnib poode isegi \u0161okolaadi luku taha panema"},"content":{"rendered":"<p>Venemaalaste argip\u00e4evast ja ostuj\u00f5u langusest annavad eheda pildi arutelud internetis. \u00dches sotsiaalmeedia l\u00f5imes kurdab noor naine, et tema <a rel=\"noopener nofollow\" target=\"_blank\" href=\"https:\/\/www.delfi.ee\/teema\/56815852\/ostujoud\" tag-id=\"56815852\">ostuj\u00f5ud<\/a> on viimase paari aastaga kukkunud poole v\u00f5rra. Teine kasutaja toob v\u00e4lja, et poodides pannakse \u0161okolaaditahvleid juba plastist turvakarpidesse, sest lakke h\u00fcpanud hinnad ajavad inimesi massiliselt varastama.<\/p>\n<p>Foorumites, eriti Redditis, ei puudu ka must huumor ja teravad vihjed k\u00e4imasolevale s\u00f5jale, mis on neelanud tohutu osa riigieelarvest. Kui keegi k\u00fcsib irooniliselt, kas vahepeal on riigiga midagi juhtunud, et hinnad nii kiiresti kerkivad. M\u00f5tte peale, et ehk ongi elluj\u00e4\u00e4miseks aeg varastama hakata, k\u00f5lab vastus: Venemaal varastatakse juba ammu k\u00f5ike.<\/p>\n<p>Oled juba tellija?Logi sisse<\/p>\n<p><a href=\"https:\/\/arileht.delfi.ee\/a\/120574522\/on-aeg-hakata-varastama-venelaste-ostujou-langus-sunnib-poode-isegi-sokolaadi-luku-taha-panema\/kommentaarid\" class=\"article-body-bottom__comment article-body-bottom__comment--write button button--primary button--size-auto\" rel=\"nofollow noopener\" target=\"_blank\"> Kommenteeri <\/a><a href=\"https:\/\/arileht.delfi.ee\/a\/120574522\/on-aeg-hakata-varastama-venelaste-ostujou-langus-sunnib-poode-isegi-sokolaadi-luku-taha-panema\/kommentaarid\" class=\"article-body-bottom__comment article-body-bottom__comment--read button button--size-auto\" rel=\"nofollow noopener\" target=\"_blank\"> Loe kommentaare (33)<\/a><\/p>\n","protected":false},"excerpt":{"rendered":"Venemaalaste argip\u00e4evast ja ostuj\u00f5u langusest annavad eheda pildi arutelud internetis. \u00dches sotsiaalmeedia l\u00f5imes kurdab noor naine, et tema&hellip;\n","protected":false},"author":2,"featured_media":175229,"comment_status":"","ping_status":"","sticky":false,"template":"","format":"standard","meta":{"footnotes":"","_share_on_mastodon":"0"},"categories":[80],"tags":[26,27,37,33,35,3976,34,36,31,32,21,3722,28,29,95,19,22027,40571,25,23,24,22,20,96,23725,30,92,93,94],"class_list":["post-175228","post","type-post","status-publish","format-standard","has-post-thumbnail","category-maailm","tag-breaking-news","tag-breakingnews","tag-ee","tag-eesti","tag-eesti-keel","tag-elukallidus","tag-estonia","tag-estonian","tag-featured-news","tag-featurednews","tag-headlines","tag-inflatsioon","tag-latest-news","tag-latestnews","tag-maailm","tag-news","tag-ostujoud","tag-poevargused","tag-populaarseimad-lood","tag-top-stories","tag-topstories","tag-uldised-uudised","tag-uudised","tag-venemaa","tag-venemaa-keskpank","tag-viimased-uudised","tag-world","tag-world-news","tag-worldnews"],"share_on_mastodon":{"url":"https:\/\/pubeurope.com\/@ee\/116556465918831361","error":""},"_links":{"self":[{"href":"https:\/\/www.europesays.com\/ee\/wp-json\/wp\/v2\/posts\/175228","targetHints":{"allow":["GET"]}}],"collection":[{"href":"https:\/\/www.europesays.com\/ee\/wp-json\/wp\/v2\/posts"}],"about":[{"href":"https:\/\/www.europesays.com\/ee\/wp-json\/wp\/v2\/types\/post"}],"author":[{"embeddable":true,"href":"https:\/\/www.europesays.com\/ee\/wp-json\/wp\/v2\/users\/2"}],"replies":[{"embeddable":true,"href":"https:\/\/www.europesays.com\/ee\/wp-json\/wp\/v2\/comments?post=175228"}],"version-history":[{"count":0,"href":"https:\/\/www.europesays.com\/ee\/wp-json\/wp\/v2\/posts\/175228\/revisions"}],"wp:featuredmedia":[{"embeddable":true,"href":"https:\/\/www.europesays.com\/ee\/wp-json\/wp\/v2\/media\/175229"}],"wp:attachment":[{"href":"https:\/\/www.europesays.com\/ee\/wp-json\/wp\/v2\/media?parent=175228"}],"wp:term":[{"taxonomy":"category","embeddable":true,"href":"https:\/\/www.europesays.com\/ee\/wp-json\/wp\/v2\/categories?post=175228"},{"taxonomy":"post_tag","embeddable":true,"href":"https:\/\/www.europesays.com\/ee\/wp-json\/wp\/v2\/tags?post=175228"}],"curies":[{"name":"wp","href":"https:\/\/api.w.org\/{rel}","templated":true}]}}