{"id":175860,"date":"2026-05-12T08:19:17","date_gmt":"2026-05-12T08:19:17","guid":{"rendered":"https:\/\/www.europesays.com\/ee\/175860\/"},"modified":"2026-05-12T08:19:17","modified_gmt":"2026-05-12T08:19:17","slug":"ukraina-tahab-et-euroopa-aitaks-solmida-putiniga-lennuvaljarelvarahu","status":"publish","type":"post","link":"https:\/\/www.europesays.com\/ee\/175860\/","title":{"rendered":"Ukraina tahab, et Euroopa aitaks s\u00f5lmida Putiniga lennuv\u00e4ljarelvarahu"},"content":{"rendered":"<p>See idee annaks Euroopale diplomaatias konkreetse rolli ajal, kui <a rel=\"noopener nofollow\" target=\"_blank\" href=\"https:\/\/www.delfi.ee\/teema\/22971743\/usa\" tag-id=\"22971743\">USA<\/a> juhitud l\u00e4bir\u00e4\u00e4kimised on seisma j\u00e4\u00e4nud ja <a rel=\"noopener nofollow\" target=\"_blank\" href=\"https:\/\/www.delfi.ee\/teema\/3\/venemaa\" tag-id=\"3\">Venemaa<\/a> valitseja <a rel=\"noopener nofollow\" target=\"_blank\" href=\"https:\/\/www.delfi.ee\/teema\/23342331\/vladimir-putin\" tag-id=\"23342331\">Vladimir Putin<\/a> ei ole n\u00e4idanud erilist tahtmist s\u00f5lmida laiem kokkulepe s\u00f5ja l\u00f5petamiseks, kirjutab Politico.<\/p>\n<p>\u201eMe vajame ilmselt Euroopa uut rolli meie rahuponnistustes,\u201c \u00fctles <a rel=\"noopener nofollow\" target=\"_blank\" href=\"https:\/\/www.delfi.ee\/teema\/28601141\/brussel\" tag-id=\"28601141\">Br\u00fcsselis<\/a> Euroopa Liidu v\u00e4lisministrite kohtumisel osalenud S\u00f5biha Politicole. \u201eV\u00f5ib-olla p\u00fc\u00fcame me lahendada v\u00f5i saavutada niinimetatud lennuv\u00e4ljarelvarahu.\u201c<\/p>\n<p>See ettepanek keskenduks <a rel=\"noopener nofollow\" target=\"_blank\" href=\"https:\/\/www.delfi.ee\/teema\/22871535\/moskva\" tag-id=\"22871535\">Moskva<\/a>&#8211;<a rel=\"noopener nofollow\" target=\"_blank\" href=\"https:\/\/www.delfi.ee\/teema\/29718775\/kiiev\" tag-id=\"29718775\">Kiievi<\/a> piiratud kokkuleppele mitte r\u00fcnnata teineteise lennuv\u00e4lju. S\u00f5biha v\u00e4itis, et Putinil v\u00f5ib olla huvi selline kokkulepe s\u00f5lmida, sest Venemaa suured lennuliikluskeskused, sealhulgas Moskva <a rel=\"noopener nofollow\" target=\"_blank\" href=\"https:\/\/www.delfi.ee\/teema\/65511440\/seremetjevo\" tag-id=\"65511440\">\u0160eremetjevo<\/a> ja teised ning Peterburi Pulkovo on Ukraina kaugmaar\u00fcnnakute suhtes \u00fcha haavatavamad.<\/p>\n<p>\u201eV\u00f5ib-olla meie <a rel=\"noopener nofollow\" target=\"_blank\" href=\"https:\/\/www.delfi.ee\/teema\/24252885\/euroopa-liit-1\" tag-id=\"24252885\">Euroopa liitlased<\/a>, moodustades platvormi, v\u00f5i v\u00f5ib-olla ad hoc grupina v\u00f5iksime me seda arutada,\u201c \u00fctles S\u00f5biha, lisades, et Ukraina president <a rel=\"noopener nofollow\" target=\"_blank\" href=\"https:\/\/www.delfi.ee\/teema\/85745477\/volodomor-zelenskoi\" tag-id=\"85745477\">Volod\u00f5m\u00f5r Zelensk\u00f5i<\/a> on seda ideed juba m\u00f5nede Euroopa partneritega arutanud.<\/p>\n<p>Kiiev ei taha aga, et Euroopa asendaks <a rel=\"noopener nofollow\" target=\"_blank\" href=\"https:\/\/www.delfi.ee\/teema\/82789297\/washington\" tag-id=\"82789297\">Washingtoni<\/a>, vaid S\u00f5biha s\u00f5nul peaks mistahes Euroopa j\u00f5upingutused tugevdama USA juhitud diplomaatiat ja v\u00e4ltima konkureerimist.<\/p>\n<p>\u201eSee peaks olema t\u00e4iendav tee, mitte asemel, mitte alternatiiv,\u201c \u00fctles S\u00f5biha, lisades, et Euroopa peaks r\u00e4\u00e4kima \u00fche h\u00e4\u00e4lega.<\/p>\n<p>S\u00f5biha naljatas Putini pakkumise kohta, et Euroopat v\u00f5iks l\u00e4bir\u00e4\u00e4kimistel esindaja <a rel=\"noopener nofollow\" target=\"_blank\" href=\"https:\/\/www.delfi.ee\/teema\/23342327\/saksamaa\" tag-id=\"23342327\">Saksamaa<\/a> endine liidukantsler <a rel=\"noopener nofollow\" target=\"_blank\" href=\"https:\/\/www.delfi.ee\/teema\/56501722\/gerhard-schroder\" tag-id=\"56501722\">Gerhard Schr\u00f6der<\/a>, et sama h\u00e4sti v\u00f5iksid seda teha Putini n\u00e4itlejatest s\u00f5brad <a rel=\"noopener nofollow\" target=\"_blank\" href=\"https:\/\/www.delfi.ee\/teema\/30400363\/steven-seagal\" tag-id=\"30400363\">Steven Seagal<\/a> v\u00f5i G\u00e9rard Depardieu.<\/p>\n<p>Kuidas see lugu Sind end tundma pani? Saada <a href=\"https:\/\/www.delfi.ee\/artikkel\/120574687\/ukraina-tahab-et-euroopa-aitaks-solmida-putiniga-lennuvaljarelvarahu\/kommentaarid\" class=\"article-body-bottom__comment article-body-bottom__comment--write button button--primary button--size-auto\" rel=\"nofollow noopener\" target=\"_blank\"> Kommenteeri <\/a><a href=\"https:\/\/www.delfi.ee\/artikkel\/120574687\/ukraina-tahab-et-euroopa-aitaks-solmida-putiniga-lennuvaljarelvarahu\/kommentaarid\" class=\"article-body-bottom__comment article-body-bottom__comment--read button button--size-auto\" rel=\"nofollow noopener\" target=\"_blank\"> Loe kommentaare (22)<\/a><\/p>\n","protected":false},"excerpt":{"rendered":"See idee annaks Euroopale diplomaatias konkreetse rolli ajal, kui USA juhitud l\u00e4bir\u00e4\u00e4kimised on seisma j\u00e4\u00e4nud ja Venemaa valitseja&hellip;\n","protected":false},"author":2,"featured_media":175861,"comment_status":"","ping_status":"","sticky":false,"template":"","format":"standard","meta":{"footnotes":"","_share_on_mastodon":"0"},"categories":[5],"tags":[4716,26,27,117,37,33,35,34,36,112,590,31,32,37904,9006,21,1208,28,29,108,19,25,51,15852,107,21710,23,24,262,22,325,20,96,30,661,263,2405],"class_list":["post-175860","post","type-post","status-publish","format-standard","has-post-thumbnail","category-uldised-uudised","tag-andri-sobiha","tag-breaking-news","tag-breakingnews","tag-brussel","tag-ee","tag-eesti","tag-eesti-keel","tag-estonia","tag-estonian","tag-euroopa","tag-euroopa-liit","tag-featured-news","tag-featurednews","tag-gerard-depardieu","tag-gerhard-schroder","tag-headlines","tag-kiiev","tag-latest-news","tag-latestnews","tag-moskva","tag-news","tag-populaarseimad-lood","tag-saksamaa","tag-seremetjevo","tag-soda-ukrainas","tag-steven-seagal","tag-top-stories","tag-topstories","tag-ukraina","tag-uldised-uudised","tag-usa","tag-uudised","tag-venemaa","tag-viimased-uudised","tag-vladimir-putin","tag-volodomor-zelenskoi","tag-washington"],"share_on_mastodon":{"url":"","error":"Validation failed: Text character limit of 500 exceeded"},"_links":{"self":[{"href":"https:\/\/www.europesays.com\/ee\/wp-json\/wp\/v2\/posts\/175860","targetHints":{"allow":["GET"]}}],"collection":[{"href":"https:\/\/www.europesays.com\/ee\/wp-json\/wp\/v2\/posts"}],"about":[{"href":"https:\/\/www.europesays.com\/ee\/wp-json\/wp\/v2\/types\/post"}],"author":[{"embeddable":true,"href":"https:\/\/www.europesays.com\/ee\/wp-json\/wp\/v2\/users\/2"}],"replies":[{"embeddable":true,"href":"https:\/\/www.europesays.com\/ee\/wp-json\/wp\/v2\/comments?post=175860"}],"version-history":[{"count":0,"href":"https:\/\/www.europesays.com\/ee\/wp-json\/wp\/v2\/posts\/175860\/revisions"}],"wp:featuredmedia":[{"embeddable":true,"href":"https:\/\/www.europesays.com\/ee\/wp-json\/wp\/v2\/media\/175861"}],"wp:attachment":[{"href":"https:\/\/www.europesays.com\/ee\/wp-json\/wp\/v2\/media?parent=175860"}],"wp:term":[{"taxonomy":"category","embeddable":true,"href":"https:\/\/www.europesays.com\/ee\/wp-json\/wp\/v2\/categories?post=175860"},{"taxonomy":"post_tag","embeddable":true,"href":"https:\/\/www.europesays.com\/ee\/wp-json\/wp\/v2\/tags?post=175860"}],"curies":[{"name":"wp","href":"https:\/\/api.w.org\/{rel}","templated":true}]}}