{"id":17634,"date":"2025-10-12T07:44:29","date_gmt":"2025-10-12T07:44:29","guid":{"rendered":"https:\/\/www.europesays.com\/ee\/17634\/"},"modified":"2025-10-12T07:44:29","modified_gmt":"2025-10-12T07:44:29","slug":"kruusateede-tolmuvaba-katte-alla-viimise-rahastus-kasvab-neljakordselt","status":"publish","type":"post","link":"https:\/\/www.europesays.com\/ee\/17634\/","title":{"rendered":"Kruusateede tolmuvaba katte alla viimise rahastus kasvab neljakordselt"},"content":{"rendered":"<p>Leis tutvustas ka ettepanekut lisada teehoiukavasse Tartu p\u00f5hjapoolse ja Keila l\u00f5unapoolse \u00fcmbers\u00f5idu. J\u00e4rgmisel aastal suunab riik teehoidu 283 miljonit eurot ning aastatel 2026\u20132029 kokku veidi enam kui miljardi euro.<\/p>\n<p>\u00abInimesed ja ettev\u00f5tted on neid otsuseid oodanud aastaid. P\u00f5himaanteede ehitused nii P\u00e4rnu kui Tartu suunal liiguvad l\u00f5puks edasi, tolmuvaba katte alla j\u00f5uavad mitmed kruusateed ning lisanduvad \u00fchendused, mis toetavad linnade ja t\u00f6\u00f6stusalade arengut. See on neli \u00fches \u2013 parandame igap\u00e4evast liikumist, toetame majandust ja regionaalarengut ning tugevdame ka riigi kaitsev\u00f5imet,\u00bb \u00fctles taristuminister Kuldar Leis.<\/p>\n","protected":false},"excerpt":{"rendered":"Leis tutvustas ka ettepanekut lisada teehoiukavasse Tartu p\u00f5hjapoolse ja Keila l\u00f5unapoolse \u00fcmbers\u00f5idu. J\u00e4rgmisel aastal suunab riik teehoidu 283&hellip;\n","protected":false},"author":2,"featured_media":17635,"comment_status":"","ping_status":"","sticky":false,"template":"","format":"standard","meta":{"footnotes":"","_share_on_mastodon":"0"},"categories":[12],"tags":[26,27,37,33,35,591,34,36,31,32,21,4037,6296,10715,4039,28,29,2521,19,1421,25,249,23,24,2086,22,20,30],"class_list":["post-17634","post","type-post","status-publish","format-standard","has-post-thumbnail","category-eesti","tag-breaking-news","tag-breakingnews","tag-ee","tag-eesti","tag-eesti-keel","tag-emajogi","tag-estonia","tag-estonian","tag-featured-news","tag-featurednews","tag-headlines","tag-imavere","tag-keila","tag-kruusateed","tag-kuldar-leis","tag-latest-news","tag-latestnews","tag-narva","tag-news","tag-parnu","tag-populaarseimad-lood","tag-tartu","tag-top-stories","tag-topstories","tag-transpordiamet","tag-uldised-uudised","tag-uudised","tag-viimased-uudised"],"share_on_mastodon":{"url":"","error":""},"_links":{"self":[{"href":"https:\/\/www.europesays.com\/ee\/wp-json\/wp\/v2\/posts\/17634","targetHints":{"allow":["GET"]}}],"collection":[{"href":"https:\/\/www.europesays.com\/ee\/wp-json\/wp\/v2\/posts"}],"about":[{"href":"https:\/\/www.europesays.com\/ee\/wp-json\/wp\/v2\/types\/post"}],"author":[{"embeddable":true,"href":"https:\/\/www.europesays.com\/ee\/wp-json\/wp\/v2\/users\/2"}],"replies":[{"embeddable":true,"href":"https:\/\/www.europesays.com\/ee\/wp-json\/wp\/v2\/comments?post=17634"}],"version-history":[{"count":0,"href":"https:\/\/www.europesays.com\/ee\/wp-json\/wp\/v2\/posts\/17634\/revisions"}],"wp:featuredmedia":[{"embeddable":true,"href":"https:\/\/www.europesays.com\/ee\/wp-json\/wp\/v2\/media\/17635"}],"wp:attachment":[{"href":"https:\/\/www.europesays.com\/ee\/wp-json\/wp\/v2\/media?parent=17634"}],"wp:term":[{"taxonomy":"category","embeddable":true,"href":"https:\/\/www.europesays.com\/ee\/wp-json\/wp\/v2\/categories?post=17634"},{"taxonomy":"post_tag","embeddable":true,"href":"https:\/\/www.europesays.com\/ee\/wp-json\/wp\/v2\/tags?post=17634"}],"curies":[{"name":"wp","href":"https:\/\/api.w.org\/{rel}","templated":true}]}}