{"id":176748,"date":"2026-05-13T07:49:12","date_gmt":"2026-05-13T07:49:12","guid":{"rendered":"https:\/\/www.europesays.com\/ee\/176748\/"},"modified":"2026-05-13T07:49:12","modified_gmt":"2026-05-13T07:49:12","slug":"warren-buffetti-indikaator-joudis-koigi-aegade-korgeimale-tasemele-kui-aktsiaturg-tousis-rekordtasemele","status":"publish","type":"post","link":"https:\/\/www.europesays.com\/ee\/176748\/","title":{"rendered":"\u201eWarren Buffetti indikaator\u201c j\u00f5udis k\u00f5igi aegade k\u00f5rgeimale tasemele, kui aktsiaturg t\u00f5usis rekordtasemele"},"content":{"rendered":"<p>Peamised j\u00e4reldused<\/p>\n<ul class=\"m-0 flex list-none flex-col gap-m pl-0\">\n<li class=\"m-0 flex items-start gap-s !text-[#434248]\">Buffetti n\u00e4itaja j\u00f5udis 11. mail 232%ni, kuna S&amp;P 500 ja Nasdaq s\u00fcvendasid hindamise hirme.<\/li>\n<li class=\"m-0 flex items-start gap-s !text-[#434248]\">Warren Buffetti n\u00e4itaja andis m\u00e4rku, et aktsiad v\u00f5ivad SKP-st kiiremini kasvada, mis \u00f5hutab Wall Streetil arutelu tehisintellekti mullist.<\/li>\n<li class=\"m-0 flex items-start gap-s !text-[#434248]\">Geiger Capitali s\u00f5nul on turud kiiresti muutunud; j\u00e4rgmisena hakkavad investorid katsetama, kas kasumid suudavad \u00f5igustada 2026. aasta tipptasemeid.<\/li>\n<\/ul>\n<p> Turukapitalisatsiooni ja SKP suhtarvu n\u00e4itaja t\u00f5useb, kuna S&amp;P 500 ja Nasdaq p\u00fcstitavad j\u00e4tkuvalt uusi tippe <\/p>\n<p data-start=\"441\" data-end=\"999\">Barchart <a href=\"https:\/\/x.com\/Barchart\/status\/2054045690842792160\/photo\/1\" target=\"_blank\" rel=\"noopener noreferrer nofollow\">avaldas<\/a> X-is <a href=\"https:\/\/x.com\/Barchart\/status\/2054045690842792160\/photo\/1\" target=\"_blank\" rel=\"noopener noreferrer nofollow\">postituse<\/a>, milles r\u00f5hutas, et \u201eWarren Buffetti indikaator\u201d on j\u00f5udnud k\u00f5igi aegade k\u00f5rgeimale tasemele, samal ajal kui aktsiad p\u00fcsisid rekordtaseme l\u00e4hedal. See n\u00e4itaja, mis tehniliselt on USA aktsiaturu kapitalisatsiooni jagamine SKP-ga, on laialdaselt kasutusel kui ligikaudne viis m\u00f5\u00f5ta, kas aktsiad on aluseks olevast majandusest ees. Warren Buffett kirjeldas seda 2001. aasta Fortune\u2019i intervjuus kuulsalt kui \u201et\u00f5en\u00e4oliselt parimat \u00fchtset m\u00f5\u00f5dikut selle kohta, kus hindamised mingil hetkel seisavad\u201d.<\/p>\n<p data-start=\"441\" data-end=\"999\"><img decoding=\"async\" title=\"'Warren Buffet Indicator' Hits All-Time High As Stock Market Reaches Record Levels\" src=\"https:\/\/www.europesays.com\/ee\/wp-content\/uploads\/2026\/05\/HIFrf4bakAAMmBD.jpeg\" alt=\"'Warren Buffet Indicator' Hits All-Time High As Stock Market Reaches Record Levels\"\/><\/p>\n<p data-start=\"1001\" data-end=\"1372\">11. mai seisuga <a href=\"https:\/\/en.macromicro.me\/series\/617\/wilshire5000-to-gdp\" target=\"_blank\" rel=\"noopener noreferrer nofollow\">n\u00e4itas<\/a> Macromicro, et USA turukapitalisatsiooni ja SKP suhe oli ligikaudu 232%, mis on rekordiline n\u00e4itaja, mis viitab sellele, et noteeritud aktsiad on n\u00fc\u00fcd v\u00e4\u00e4rtuselt \u00fcle kahe korra suuremad kui USA aastane majandustoodang. Samal ajal p\u00fcstitasid S&amp;P 500 ja Nasdaq Composite endiselt uusi rekordeid, r\u00f5hutades seda, kui kaugele on turu taastumine j\u00f5udnud.<\/p>\n<p data-start=\"1374\" data-end=\"1912\">See ei t\u00e4henda automaatselt, et j\u00e4rgmiseks on oodata krahhi. Isegi optimistlikud anal\u00fc\u00fctikud v\u00e4idavad, et t\u00e4nap\u00e4eva turul on omadusi, mida Buffetti indikaator aastak\u00fcmneid tagasi t\u00e4ielikult arvesse ei v\u00f5tnud, sealhulgas USA rahvusvaheliste ettev\u00f5tete tohutu v\u00e4lismaine tulup\u00f5lv ja varade poolest kergete, suure kasumimarginaaliga tehnoloogiaettev\u00f5tete \u00fclem\u00e4\u00e4rane roll.<\/p>\n<p data-start=\"1374\" data-end=\"1912\">Nagu Geiger Capital \u00fctles oma 349 000 j\u00e4lgijale X-is:<\/p>\n<blockquote>\n<p data-start=\"1374\" data-end=\"1912\">Kas olete kaalunud v\u00f5imalust, et tegemist ei ole mulliga ja maailm muutub t\u00f5epoolest tempoga, mida inimkond pole varem n\u00e4inud, anon.<\/p>\n<\/blockquote>\n<p data-start=\"1914\" data-end=\"2253\">Siiski on seda signaali raske ignoreerida. Turg, mis kaupleb rekordilistel tasemetel, samal ajal kui selle laiaulatuslikum hindamisn\u00e4itaja asub samuti tundmatul territooriumil, kutsub t\u00f5en\u00e4oliselt esile uue arutelu selle \u00fcle, kas t\u00f5us peegeldab p\u00fcsivat kasumitugevust v\u00f5i lihtsalt kasvavat valmisolekut maksta peaaegu mis tahes hinda AI-juhitud kasvu eest.<\/p>\n","protected":false},"excerpt":{"rendered":"Peamised j\u00e4reldused Buffetti n\u00e4itaja j\u00f5udis 11. mail 232%ni, kuna S&amp;P 500 ja Nasdaq s\u00fcvendasid hindamise hirme. Warren Buffetti&hellip;\n","protected":false},"author":2,"featured_media":176749,"comment_status":"","ping_status":"","sticky":false,"template":"","format":"standard","meta":{"footnotes":"","_share_on_mastodon":"0"},"categories":[5],"tags":[26,27,37,33,35,34,36,31,32,21,28,29,19,25,45796,23,24,36415,22,20,30],"class_list":["post-176748","post","type-post","status-publish","format-standard","has-post-thumbnail","category-uldised-uudised","tag-breaking-news","tag-breakingnews","tag-ee","tag-eesti","tag-eesti-keel","tag-estonia","tag-estonian","tag-featured-news","tag-featurednews","tag-headlines","tag-latest-news","tag-latestnews","tag-news","tag-populaarseimad-lood","tag-stocks","tag-top-stories","tag-topstories","tag-trading","tag-uldised-uudised","tag-uudised","tag-viimased-uudised"],"share_on_mastodon":{"url":"https:\/\/pubeurope.com\/@ee\/116566175257120166","error":""},"_links":{"self":[{"href":"https:\/\/www.europesays.com\/ee\/wp-json\/wp\/v2\/posts\/176748","targetHints":{"allow":["GET"]}}],"collection":[{"href":"https:\/\/www.europesays.com\/ee\/wp-json\/wp\/v2\/posts"}],"about":[{"href":"https:\/\/www.europesays.com\/ee\/wp-json\/wp\/v2\/types\/post"}],"author":[{"embeddable":true,"href":"https:\/\/www.europesays.com\/ee\/wp-json\/wp\/v2\/users\/2"}],"replies":[{"embeddable":true,"href":"https:\/\/www.europesays.com\/ee\/wp-json\/wp\/v2\/comments?post=176748"}],"version-history":[{"count":0,"href":"https:\/\/www.europesays.com\/ee\/wp-json\/wp\/v2\/posts\/176748\/revisions"}],"wp:featuredmedia":[{"embeddable":true,"href":"https:\/\/www.europesays.com\/ee\/wp-json\/wp\/v2\/media\/176749"}],"wp:attachment":[{"href":"https:\/\/www.europesays.com\/ee\/wp-json\/wp\/v2\/media?parent=176748"}],"wp:term":[{"taxonomy":"category","embeddable":true,"href":"https:\/\/www.europesays.com\/ee\/wp-json\/wp\/v2\/categories?post=176748"},{"taxonomy":"post_tag","embeddable":true,"href":"https:\/\/www.europesays.com\/ee\/wp-json\/wp\/v2\/tags?post=176748"}],"curies":[{"name":"wp","href":"https:\/\/api.w.org\/{rel}","templated":true}]}}