{"id":176774,"date":"2026-05-13T08:18:16","date_gmt":"2026-05-13T08:18:16","guid":{"rendered":"https:\/\/www.europesays.com\/ee\/176774\/"},"modified":"2026-05-13T08:18:16","modified_gmt":"2026-05-13T08:18:16","slug":"tana-delfi-tv-s-kas-pronksiseeriat-laheb-juhtima-taltech-alexela-voi-transcom-parnu","status":"publish","type":"post","link":"https:\/\/www.europesays.com\/ee\/176774\/","title":{"rendered":"T\u00c4NA DELFI TV-s | Kas pronksiseeriat l\u00e4heb juhtima TalTech\/Alexela v\u00f5i Transcom P\u00e4rnu?"},"content":{"rendered":"<p>Poolfinaalseeriates kaotas TalTech\/Alexela Kalev\/Cramole 1:3. Transcom P\u00e4rnu l\u00e4ks k\u00fcll Tartu \u00dclikool Maks &amp; Mooritsa vastu m\u00e4ngudega 2:0 juhtima, kuid l\u00f5puks tunnistati p\u00f5hiturniiri v\u00f5itja 2:3 paremust. <\/p>\n<p>P\u00f5hiturniiril kohtuti kahel korral, millest m\u00f5lemad v\u00f5itis TalTech: kodus saadi P\u00e4rnust jagu 86:78 ning v\u00f5\u00f5rsil 83:76. <\/p>\n<p>Siim-Markus Posti kommentaar pronksiseeria kohtumise eel: \u201eTalTechi meeskonnale ja taustaj\u00f5ududele on medal v\u00e4ga t\u00e4htis. Selleks, et see koju tuua, peame olema m\u00e4nguks nii f\u00fc\u00fcsiliselt kui ka mentaalselt valmis. K\u00f5ik on meie endi k\u00e4tes. Lisaj\u00f5udu ammutame meie f\u00e4nnidelt. Hooaja l\u00f5pp on kohe-kohe k\u00e4es, nii et tulge saali ja aidake Eesti poistel pronks v\u00f5ita!\u201c <\/p>\n<p>Pronksiseeria ajakava: <\/p>\n<ul>\n<li>\n<p>13. mai TalTech\/ALEXELA vs. Transcom P\u00e4rnu<\/p>\n<\/li>\n<li>\n<p>15. mai Transcom P\u00e4rnu vs. TalTech\/ALEXELA<\/p>\n<\/li>\n<li>\n<p>17. mai TalTech\/ALEXELA vs. Transcom P\u00e4rnu<\/p>\n<\/li>\n<li>\n<p>19. mai Transcom P\u00e4rnu vs. TalTech\/ALEXELA*<\/p>\n<\/li>\n<li>\n<p>21. mai TalTech\/ALEXELA vs. Transcom P\u00e4rnu*<\/p>\n<\/li>\n<\/ul>\n<p>Oled juba tellija?Logi sisse<\/p>\n<p><a href=\"https:\/\/sport.delfi.ee\/a\/120583379\/tana-delfi-tv-s-kas-pronksiseeriat-laheb-juhtima-taltechalexela-voi-transcom-parnu\/kommentaarid\" class=\"article-body-bottom__comment article-body-bottom__comment--write button button--primary button--size-auto\" rel=\"nofollow noopener\" target=\"_blank\"> Kommenteeri <\/a><a href=\"https:\/\/sport.delfi.ee\/a\/120583379\/tana-delfi-tv-s-kas-pronksiseeriat-laheb-juhtima-taltechalexela-voi-transcom-parnu\/kommentaarid\" class=\"article-body-bottom__comment article-body-bottom__comment--read button button--size-auto\" rel=\"nofollow noopener\" target=\"_blank\"> Loe kommentaare (1)<\/a><\/p>\n","protected":false},"excerpt":{"rendered":"Poolfinaalseeriates kaotas TalTech\/Alexela Kalev\/Cramole 1:3. Transcom P\u00e4rnu l\u00e4ks k\u00fcll Tartu \u00dclikool Maks &amp; Mooritsa vastu m\u00e4ngudega 2:0 juhtima,&hellip;\n","protected":false},"author":2,"featured_media":176775,"comment_status":"","ping_status":"","sticky":false,"template":"","format":"standard","meta":{"footnotes":"","_share_on_mastodon":"0"},"categories":[18],"tags":[37,33,35,34,36,159,158,3029,3511],"class_list":["post-176774","post","type-post","status-publish","format-standard","has-post-thumbnail","category-sport","tag-ee","tag-eesti","tag-eesti-keel","tag-estonia","tag-estonian","tag-sport","tag-sports","tag-taltech-alexela","tag-transcom-parnu"],"share_on_mastodon":{"url":"https:\/\/pubeurope.com\/@ee\/116566288376116861","error":""},"_links":{"self":[{"href":"https:\/\/www.europesays.com\/ee\/wp-json\/wp\/v2\/posts\/176774","targetHints":{"allow":["GET"]}}],"collection":[{"href":"https:\/\/www.europesays.com\/ee\/wp-json\/wp\/v2\/posts"}],"about":[{"href":"https:\/\/www.europesays.com\/ee\/wp-json\/wp\/v2\/types\/post"}],"author":[{"embeddable":true,"href":"https:\/\/www.europesays.com\/ee\/wp-json\/wp\/v2\/users\/2"}],"replies":[{"embeddable":true,"href":"https:\/\/www.europesays.com\/ee\/wp-json\/wp\/v2\/comments?post=176774"}],"version-history":[{"count":0,"href":"https:\/\/www.europesays.com\/ee\/wp-json\/wp\/v2\/posts\/176774\/revisions"}],"wp:featuredmedia":[{"embeddable":true,"href":"https:\/\/www.europesays.com\/ee\/wp-json\/wp\/v2\/media\/176775"}],"wp:attachment":[{"href":"https:\/\/www.europesays.com\/ee\/wp-json\/wp\/v2\/media?parent=176774"}],"wp:term":[{"taxonomy":"category","embeddable":true,"href":"https:\/\/www.europesays.com\/ee\/wp-json\/wp\/v2\/categories?post=176774"},{"taxonomy":"post_tag","embeddable":true,"href":"https:\/\/www.europesays.com\/ee\/wp-json\/wp\/v2\/tags?post=176774"}],"curies":[{"name":"wp","href":"https:\/\/api.w.org\/{rel}","templated":true}]}}