{"id":176825,"date":"2026-05-13T09:12:07","date_gmt":"2026-05-13T09:12:07","guid":{"rendered":"https:\/\/www.europesays.com\/ee\/176825\/"},"modified":"2026-05-13T09:12:07","modified_gmt":"2026-05-13T09:12:07","slug":"vabamu-uus-juht-on-maarja-merivoo-parro-muuseumid-2","status":"publish","type":"post","link":"https:\/\/www.europesays.com\/ee\/176825\/","title":{"rendered":"Vabamu uus juht on Maarja Merivoo-Parro | Muuseumid"},"content":{"rendered":"<p>Okupatsioonide ja vabaduse muuseum Vabamu plaanib uuendusi ning n\u00f5ukogu kinnitas nende elluviimist juhtima Maarja Merivoo-Parro, kes alustab t\u00f6\u00f6d augustis 2026.<\/p>\n<p>&#8220;Ootan r\u00f5\u00f5muga Vabamu kollektiiviga liitumist, et asuda \u00fchiselt katsetama uusi viise, kuidas Eesti lugu ausalt, selgelt ja innustavalt edasi anda. Minu silmis pole Vabamu lihtsalt maja, vaid suure algust\u00e4hega Vestlus, mis \u00fcletab p\u00f5lvkondi, riigipiire ja identiteete,&#8221; \u00fctles Maarja Merivoo-Parro.\u00a0<\/p>\n<p>Ivo Lille, kes on juhtinud muuseumi alates 2024. aastast, lahkub ametist omal soovil, et liikuda edasi uute v\u00e4ljakutsete poole. &#8220;Minu kogemus Vabamu juhina on olnud positiivne ja mitmek\u00fclgne ning leidsin, et on aeg anda ohjad \u00fcle kellelegi, kes viiks muuseumi j\u00e4rgmisse arenguetappi. Maarja on \u00fcks kuraatoritest, kelle autorlusel praegune p\u00fcsin\u00e4itus ligi k\u00fcmme aastat tagasi avati. Ootan p\u00f5nevusega, kuidas ta Vabamu f\u00fc\u00fcsilist ruumi ja kultuurilist rolli arendama asub.&#8221;<\/p>\n<p>Muuseumi rajaja Olga Kistler-Ritso t\u00fctar Sylvia Kistler-Thompson \u00fctles Vabamu n\u00f5ukogu nimel, et Merivoo-Parros on ainulaadne kombinatsioon erialastest oskustest ning loovusest ajalooliste teadmiste jagamisel, mis on v\u00f5imaldanud tal keerulisi teemasid lahata s\u00e4\u00e4raselt, et need puudutavad s\u00fcgavalt nii eestlasi kui ka laiemat rahvusvahelist \u00fcldsust. &#8220;Vabamu soov on laiendada oma tegevust Eesti l\u00e4hiajaloo v\u00f5tmek\u00fcsimuste talletamisel ja m\u00f5testamisel: okupatsioonid, v\u00f5itlus vabaduse nimel, iseseisvuse taastamine ja sellele j\u00e4rgnenud edukas \u00fclesehitust\u00f6\u00f6 ning rahvusvaheliseks liidriks kujunemine digiriigi \u00fcles ehitamisel.&#8221;<\/p>\n<p>Lisaks Toompea t\u00e4naval asuvale muuseumihoonele on Vabamul avatud v\u00e4ljapanek ka KGB vangikongides Pagari t\u00e4naval.<\/p>\n","protected":false},"excerpt":{"rendered":"Okupatsioonide ja vabaduse muuseum Vabamu plaanib uuendusi ning n\u00f5ukogu kinnitas nende elluviimist juhtima Maarja Merivoo-Parro, kes alustab t\u00f6\u00f6d&hellip;\n","protected":false},"author":2,"featured_media":176815,"comment_status":"","ping_status":"","sticky":false,"template":"","format":"standard","meta":{"footnotes":"","_share_on_mastodon":"0"},"categories":[16],"tags":[37,33,35,173,34,36,79730,140,31640],"class_list":["post-176825","post","type-post","status-publish","format-standard","has-post-thumbnail","category-meelelahutus","tag-ee","tag-eesti","tag-eesti-keel","tag-entertainment","tag-estonia","tag-estonian","tag-maarja-merivoo-parro","tag-meelelahutus","tag-vabamu"],"share_on_mastodon":{"url":"https:\/\/pubeurope.com\/@ee\/116566500552011725","error":""},"_links":{"self":[{"href":"https:\/\/www.europesays.com\/ee\/wp-json\/wp\/v2\/posts\/176825","targetHints":{"allow":["GET"]}}],"collection":[{"href":"https:\/\/www.europesays.com\/ee\/wp-json\/wp\/v2\/posts"}],"about":[{"href":"https:\/\/www.europesays.com\/ee\/wp-json\/wp\/v2\/types\/post"}],"author":[{"embeddable":true,"href":"https:\/\/www.europesays.com\/ee\/wp-json\/wp\/v2\/users\/2"}],"replies":[{"embeddable":true,"href":"https:\/\/www.europesays.com\/ee\/wp-json\/wp\/v2\/comments?post=176825"}],"version-history":[{"count":0,"href":"https:\/\/www.europesays.com\/ee\/wp-json\/wp\/v2\/posts\/176825\/revisions"}],"wp:featuredmedia":[{"embeddable":true,"href":"https:\/\/www.europesays.com\/ee\/wp-json\/wp\/v2\/media\/176815"}],"wp:attachment":[{"href":"https:\/\/www.europesays.com\/ee\/wp-json\/wp\/v2\/media?parent=176825"}],"wp:term":[{"taxonomy":"category","embeddable":true,"href":"https:\/\/www.europesays.com\/ee\/wp-json\/wp\/v2\/categories?post=176825"},{"taxonomy":"post_tag","embeddable":true,"href":"https:\/\/www.europesays.com\/ee\/wp-json\/wp\/v2\/tags?post=176825"}],"curies":[{"name":"wp","href":"https:\/\/api.w.org\/{rel}","templated":true}]}}