{"id":176975,"date":"2026-05-13T11:49:15","date_gmt":"2026-05-13T11:49:15","guid":{"rendered":"https:\/\/www.europesays.com\/ee\/176975\/"},"modified":"2026-05-13T11:49:15","modified_gmt":"2026-05-13T11:49:15","slug":"eli-vene-gaasi-import-tousis-korgeimale-tasemele-alates-ukraina-soja-algusest","status":"publish","type":"post","link":"https:\/\/www.europesays.com\/ee\/176975\/","title":{"rendered":"ELi Vene gaasi import t\u00f5usis k\u00f5rgeimale tasemele alates Ukraina s\u00f5ja algusest"},"content":{"rendered":"<p>Euroopa Liidu Venemaa veeldatud maagaasi (LNG) import t\u00f5usis aasta esimeses kvartalis k\u00f5rgeimale tasemele alates Moskva 2022. aasta sissetungist Ukrainasse, selgub t\u00e4na avaldatud uuringust.<\/p>\n<p>Impordi kasv on tingitud L\u00e4his-Ida s\u00f5jast, mille p\u00f5hjustatud tarnekatkestused l\u00e4bi Hormuzi v\u00e4ina on pannud riike \u00fcle maailma otsima palavikuliselt muid tarneallikaid.<\/p>\n","protected":false},"excerpt":{"rendered":"Euroopa Liidu Venemaa veeldatud maagaasi (LNG) import t\u00f5usis aasta esimeses kvartalis k\u00f5rgeimale tasemele alates Moskva 2022. aasta sissetungist&hellip;\n","protected":false},"author":2,"featured_media":176976,"comment_status":"","ping_status":"","sticky":false,"template":"","format":"standard","meta":{"footnotes":"","_share_on_mastodon":"0"},"categories":[80],"tags":[26,27,37,33,35,34,36,590,31,32,21,28,29,2894,95,19,25,23,24,22,20,96,30,92,93,94],"class_list":["post-176975","post","type-post","status-publish","format-standard","has-post-thumbnail","category-maailm","tag-breaking-news","tag-breakingnews","tag-ee","tag-eesti","tag-eesti-keel","tag-estonia","tag-estonian","tag-euroopa-liit","tag-featured-news","tag-featurednews","tag-headlines","tag-latest-news","tag-latestnews","tag-lng","tag-maailm","tag-news","tag-populaarseimad-lood","tag-top-stories","tag-topstories","tag-uldised-uudised","tag-uudised","tag-venemaa","tag-viimased-uudised","tag-world","tag-world-news","tag-worldnews"],"share_on_mastodon":{"url":"https:\/\/pubeurope.com\/@ee\/116567118301341522","error":""},"_links":{"self":[{"href":"https:\/\/www.europesays.com\/ee\/wp-json\/wp\/v2\/posts\/176975","targetHints":{"allow":["GET"]}}],"collection":[{"href":"https:\/\/www.europesays.com\/ee\/wp-json\/wp\/v2\/posts"}],"about":[{"href":"https:\/\/www.europesays.com\/ee\/wp-json\/wp\/v2\/types\/post"}],"author":[{"embeddable":true,"href":"https:\/\/www.europesays.com\/ee\/wp-json\/wp\/v2\/users\/2"}],"replies":[{"embeddable":true,"href":"https:\/\/www.europesays.com\/ee\/wp-json\/wp\/v2\/comments?post=176975"}],"version-history":[{"count":0,"href":"https:\/\/www.europesays.com\/ee\/wp-json\/wp\/v2\/posts\/176975\/revisions"}],"wp:featuredmedia":[{"embeddable":true,"href":"https:\/\/www.europesays.com\/ee\/wp-json\/wp\/v2\/media\/176976"}],"wp:attachment":[{"href":"https:\/\/www.europesays.com\/ee\/wp-json\/wp\/v2\/media?parent=176975"}],"wp:term":[{"taxonomy":"category","embeddable":true,"href":"https:\/\/www.europesays.com\/ee\/wp-json\/wp\/v2\/categories?post=176975"},{"taxonomy":"post_tag","embeddable":true,"href":"https:\/\/www.europesays.com\/ee\/wp-json\/wp\/v2\/tags?post=176975"}],"curies":[{"name":"wp","href":"https:\/\/api.w.org\/{rel}","templated":true}]}}