{"id":177360,"date":"2026-05-13T19:07:10","date_gmt":"2026-05-13T19:07:10","guid":{"rendered":"https:\/\/www.europesays.com\/ee\/177360\/"},"modified":"2026-05-13T19:07:10","modified_gmt":"2026-05-13T19:07:10","slug":"endine-eesti-modell-moisteti-suudi-lasteporno-valmistamises","status":"publish","type":"post","link":"https:\/\/www.europesays.com\/ee\/177360\/","title":{"rendered":"Endine Eesti modell m\u00f5isteti s\u00fc\u00fcdi lasteporno valmistamises"},"content":{"rendered":"<p>Pikkas m\u00f5isteti s\u00fc\u00fcdi kahe paragrahvi alusel: lastepornole juurdep\u00e4\u00e4su taotlemine ning lasteporno valmistamine ja selle v\u00f5imaldamine, vahendab<a rel=\"noopener follow nofollow\" target=\"_blank\" href=\"https:\/\/www.ohtuleht.ee\/1157687\/endine-meesmodell-moisteti-suudi-lasteporno-valmistamises\" data-rel-date-range=\"[]\"> \u00d5htuleht<\/a>. <\/p>\n<p>Pikkasele m\u00e4\u00e4rati karistuseks \u00fcks aasta ja kuus kuud vangistust, millest lahutati mullu kinnipidamise k\u00e4igus \u00e4ra istutud kaks p\u00e4eva. \u00dclej\u00e4\u00e4nud aasta, viis kuud ja 28 p\u00e4eva ei l\u00e4he kandmisele, kui ta ei saada katseaja jooksul uut rikkumist korda. Samuti on Pikkas kohustatud p\u00f6\u00f6rduma seksuaalalase ravivajaduse hindamiseks ps\u00fchhiaatri v\u00f5i ps\u00fchholoogi vastuv\u00f5tule ning j\u00e4rgima raviplaani, kui selline vajadus ette n\u00e4hakse. Samuti peab ta tasuma 12 kuu jooksul \u00fcle 3800 euro menetluskulusid.<\/p>\n<p>Ajakiri <a rel=\"noopener follow nofollow\" target=\"_blank\" href=\"https:\/\/annestiil.delfi.ee\/artikkel\/76945046\/eesti-meesmodellide-suur-edulugu-jatkub-17-aastane-nikita-solmis-lepingu-maailmakuulsa-moemajaga\" data-rel-date-range=\"[]\">Anne ja Stiil <\/a>kirjutas 2017. aasta algul, et toona Tallinna Pol\u00fctehnikumis \u00f5ppinud Nikita Pikkase t\u00f5i <a rel=\"noopener nofollow\" target=\"_blank\" href=\"https:\/\/www.delfi.ee\/teema\/96887894\/modell\" tag-id=\"96887894\">modellimaailma<\/a> Aleksei Benuchi modelliagentuurist SAGE Management. Nimelt m\u00e4rkas Benuchi toona noormeest, kui too p\u00e4rast kooli bussiga koju s\u00f5itis. <\/p>\n<p>\u201eNikita reageeris minu ettepanekule proovida modellit\u00f6\u00f6d v\u00e4ga positiivselt ja oli n\u00f5us \u00f5nne proovima. Kui n\u00e4gin bussis tema n\u00e4o profiili, ei n\u00e4inud ma tema n\u00e4gu otse eest. Kui v\u00e4ljusin tema peatuses ja n\u00e4gin teda otse, oli selge, et sellest noormehest v\u00f5ib saada staar,\u201c r\u00e4\u00e4kis Benuchi tookord nende esmakohtumisest.<\/p>\n<p>Oma esimese modellit\u00f6\u00f6 tegi Nikita Pikkas Saksa moemaja Jil Sanderi heaks. Neid fotosid avaldas teiste seas ka Vogue.<\/p>\n<p>Kuidas see lugu Sind end tundma pani? Saada <a href=\"https:\/\/kroonika.delfi.ee\/artikkel\/120583616\/endine-eesti-modell-moisteti-suudi-lasteporno-valmistamises\/kommentaarid\" class=\"article-body-bottom__comment article-body-bottom__comment--write button button--primary button--size-auto\" rel=\"nofollow noopener\" target=\"_blank\"> Kommenteeri <\/a><a href=\"https:\/\/kroonika.delfi.ee\/artikkel\/120583616\/endine-eesti-modell-moisteti-suudi-lasteporno-valmistamises\/kommentaarid\" class=\"article-body-bottom__comment article-body-bottom__comment--read button button--size-auto\" rel=\"nofollow noopener\" target=\"_blank\"> Loe kommentaare (8)<\/a><\/p>\n","protected":false},"excerpt":{"rendered":"Pikkas m\u00f5isteti s\u00fc\u00fcdi kahe paragrahvi alusel: lastepornole juurdep\u00e4\u00e4su taotlemine ning lasteporno valmistamine ja selle v\u00f5imaldamine, vahendab \u00d5htuleht. Pikkasele&hellip;\n","protected":false},"author":2,"featured_media":177361,"comment_status":"","ping_status":"","sticky":false,"template":"","format":"standard","meta":{"footnotes":"","_share_on_mastodon":"0"},"categories":[16],"tags":[37,33,35,173,34,36,140,24411],"class_list":["post-177360","post","type-post","status-publish","format-standard","has-post-thumbnail","category-meelelahutus","tag-ee","tag-eesti","tag-eesti-keel","tag-entertainment","tag-estonia","tag-estonian","tag-meelelahutus","tag-modell"],"share_on_mastodon":{"url":"https:\/\/pubeurope.com\/@ee\/116568840164794873","error":""},"_links":{"self":[{"href":"https:\/\/www.europesays.com\/ee\/wp-json\/wp\/v2\/posts\/177360","targetHints":{"allow":["GET"]}}],"collection":[{"href":"https:\/\/www.europesays.com\/ee\/wp-json\/wp\/v2\/posts"}],"about":[{"href":"https:\/\/www.europesays.com\/ee\/wp-json\/wp\/v2\/types\/post"}],"author":[{"embeddable":true,"href":"https:\/\/www.europesays.com\/ee\/wp-json\/wp\/v2\/users\/2"}],"replies":[{"embeddable":true,"href":"https:\/\/www.europesays.com\/ee\/wp-json\/wp\/v2\/comments?post=177360"}],"version-history":[{"count":0,"href":"https:\/\/www.europesays.com\/ee\/wp-json\/wp\/v2\/posts\/177360\/revisions"}],"wp:featuredmedia":[{"embeddable":true,"href":"https:\/\/www.europesays.com\/ee\/wp-json\/wp\/v2\/media\/177361"}],"wp:attachment":[{"href":"https:\/\/www.europesays.com\/ee\/wp-json\/wp\/v2\/media?parent=177360"}],"wp:term":[{"taxonomy":"category","embeddable":true,"href":"https:\/\/www.europesays.com\/ee\/wp-json\/wp\/v2\/categories?post=177360"},{"taxonomy":"post_tag","embeddable":true,"href":"https:\/\/www.europesays.com\/ee\/wp-json\/wp\/v2\/tags?post=177360"}],"curies":[{"name":"wp","href":"https:\/\/api.w.org\/{rel}","templated":true}]}}