{"id":177416,"date":"2026-05-13T20:36:09","date_gmt":"2026-05-13T20:36:09","guid":{"rendered":"https:\/\/www.europesays.com\/ee\/177416\/"},"modified":"2026-05-13T20:36:09","modified_gmt":"2026-05-13T20:36:09","slug":"briti-meedia-manchester-united-edutab-ajutise-juhendaja-michael-carricku-uueks-peatreeneriks","status":"publish","type":"post","link":"https:\/\/www.europesays.com\/ee\/177416\/","title":{"rendered":"Briti meedia: Manchester United edutab ajutise juhendaja Michael Carricku uueks peatreeneriks"},"content":{"rendered":"<p>Endine Unitedi poolkaitsja Carrick (44) t\u00f5usis ajutiseks peatreeneriks jaanuaris, kui klubi vallandas senise juhendaja Ruben Amorimi. Inglane on seej\u00e4rel teinud suurep\u00e4rast t\u00f6\u00f6d ja t\u00f5stnud klubi seitsmendalt kohalt kolmandaks, tagades \u00fchtlasi meeskonnale koha j\u00e4rgmise hooaja <a rel=\"noopener nofollow\" target=\"_blank\" href=\"https:\/\/www.delfi.ee\/teema\/56497554\/meistrite-liiga\" tag-id=\"56497554\">Meistrite Liigas<\/a>. <\/p>\n<p>United kavatses Amorimi mantlip\u00e4rija ametisse nimetamisega oodata kuni hooaja l\u00f5puni, kuid The Athleticu teatel on klubi tegevjuht Omar Berrada ja jalgpallidirektor Jason Wilcox j\u00f5udnud n\u00fc\u00fcd j\u00e4reldusele, et Carrick on selle ametikoha jaoks \u00f5ige mees. Nad teevad selle kohta ettepaneku Ratcliffe\u2019ile juba sel n\u00e4dalal. <\/p>\n<p>Kui v\u00e4hemusaktsion\u00e4r Ratcliffe n\u00f5ustub ettepanekuga, alustab United Carrickiga juba ametlikke l\u00e4bir\u00e4\u00e4kimisi. <\/p>\n<p>Carrick on Unitedi peatreenerina v\u00f5itnud 15-st liigam\u00e4ngust 10, kaotusi on kogunenud vaid kaks. Eriti muljetavaldav on fakt, et \u00fckski <a rel=\"noopener nofollow\" target=\"_blank\" href=\"https:\/\/www.delfi.ee\/teema\/56497760\/premier-league\" tag-id=\"56497760\">Premier League<\/a>`i klubi pole suutnud alates 13. jaanuarist ehk Carricku ametisse asumisest alates teenida rohkem punkte kui Manchester United. <\/p>\n<p>Carrick juhtis seejuures Unitedi v\u00f5idule ka kahe tiitlipretendendi ehk Manchester City (2:0) ja Arsenali (3:2) \u00fcle.<\/p>\n<p>M\u00e4ngijakarj\u00e4\u00e4ri jooksul v\u00f5itis Carrick Unitediga viis Inglismaa meistritiitlit ning korra nii Meistrite liiga, Euroopa liiga, FIFA klubide MMi kui FA Cupi.<\/p>\n<p>Kuidas see lugu Sind end tundma pani? Saada <a href=\"https:\/\/sport.delfi.ee\/artikkel\/120583635\/briti-meedia-manchester-united-edutab-ajutise-juhendaja-michael-carricku-uueks-peatreeneriks\/kommentaarid\" class=\"article-body-bottom__comment article-body-bottom__comment--write button button--primary button--size-auto\" rel=\"nofollow noopener\" target=\"_blank\"> Kommenteeri <\/a><a href=\"https:\/\/sport.delfi.ee\/artikkel\/120583635\/briti-meedia-manchester-united-edutab-ajutise-juhendaja-michael-carricku-uueks-peatreeneriks\/kommentaarid\" class=\"article-body-bottom__comment article-body-bottom__comment--read button button--size-auto\" rel=\"nofollow noopener\" target=\"_blank\"> Loe kommentaare (1)<\/a><\/p>\n","protected":false},"excerpt":{"rendered":"Endine Unitedi poolkaitsja Carrick (44) t\u00f5usis ajutiseks peatreeneriks jaanuaris, kui klubi vallandas senise juhendaja Ruben Amorimi. Inglane on&hellip;\n","protected":false},"author":2,"featured_media":177417,"comment_status":"","ping_status":"","sticky":false,"template":"","format":"standard","meta":{"footnotes":"","_share_on_mastodon":"0"},"categories":[18],"tags":[37,33,35,34,36,1105,1190,41666,808,159,158],"class_list":["post-177416","post","type-post","status-publish","format-standard","has-post-thumbnail","category-sport","tag-ee","tag-eesti","tag-eesti-keel","tag-estonia","tag-estonian","tag-manchester-united","tag-meistrite-liiga","tag-michael-carrick","tag-premier-league","tag-sport","tag-sports"],"share_on_mastodon":{"url":"https:\/\/pubeurope.com\/@ee\/116569190210894102","error":""},"_links":{"self":[{"href":"https:\/\/www.europesays.com\/ee\/wp-json\/wp\/v2\/posts\/177416","targetHints":{"allow":["GET"]}}],"collection":[{"href":"https:\/\/www.europesays.com\/ee\/wp-json\/wp\/v2\/posts"}],"about":[{"href":"https:\/\/www.europesays.com\/ee\/wp-json\/wp\/v2\/types\/post"}],"author":[{"embeddable":true,"href":"https:\/\/www.europesays.com\/ee\/wp-json\/wp\/v2\/users\/2"}],"replies":[{"embeddable":true,"href":"https:\/\/www.europesays.com\/ee\/wp-json\/wp\/v2\/comments?post=177416"}],"version-history":[{"count":0,"href":"https:\/\/www.europesays.com\/ee\/wp-json\/wp\/v2\/posts\/177416\/revisions"}],"wp:featuredmedia":[{"embeddable":true,"href":"https:\/\/www.europesays.com\/ee\/wp-json\/wp\/v2\/media\/177417"}],"wp:attachment":[{"href":"https:\/\/www.europesays.com\/ee\/wp-json\/wp\/v2\/media?parent=177416"}],"wp:term":[{"taxonomy":"category","embeddable":true,"href":"https:\/\/www.europesays.com\/ee\/wp-json\/wp\/v2\/categories?post=177416"},{"taxonomy":"post_tag","embeddable":true,"href":"https:\/\/www.europesays.com\/ee\/wp-json\/wp\/v2\/tags?post=177416"}],"curies":[{"name":"wp","href":"https:\/\/api.w.org\/{rel}","templated":true}]}}