{"id":177709,"date":"2026-05-14T07:49:06","date_gmt":"2026-05-14T07:49:06","guid":{"rendered":"https:\/\/www.europesays.com\/ee\/177709\/"},"modified":"2026-05-14T07:49:06","modified_gmt":"2026-05-14T07:49:06","slug":"manchester-unitedi-jargmise-hooaja-peatreener-on-paigas","status":"publish","type":"post","link":"https:\/\/www.europesays.com\/ee\/177709\/","title":{"rendered":"Manchester Unitedi j\u00e4rgmise hooaja peatreener on paigas"},"content":{"rendered":"<p class=\"ssrcss-1q0x1qg-Paragraph e1jhz7w10\">BBC teatel teeb Unitedi juhtkond klubi \u00fchele omanikule Sir Jim Ratcliffe&#8217;ile ettepaneku, et 44-aastane Carrick v\u00f5iks ametis j\u00e4tkata. V\u00e4idetavalt on otsusega p\u00e4ri ka Unitedi kogenud m\u00e4ngijad eesotsas kapteni Bruno Fernandesega.<\/p>\n<p class=\"ssrcss-1q0x1qg-Paragraph e1jhz7w10\">Carrickust sai Unitedi peatreeneri kohuset\u00e4itja jaanuaris, kui klubi vallandas endise peatreeneri Ruben Amorimi. Amorimi vallandamise p\u00f5hjus polnud tulemuslik, sest United oli tol hetkel Meistrite liiga kohal, vaid portugallasest treeneri ja juhtkonna vahel l\u00e4ksid suusad risti.<\/p>\n<p class=\"ssrcss-1q0x1qg-Paragraph e1jhz7w10\">Kirsiks tordil oli pressikonverents, kus Amorim andis m\u00e4rku, et juhtkond v\u00f5iks keskenduda oma t\u00f6\u00f6le, mitte \u00f6elda talle, millise formatsiooniga tuleks m\u00e4ngida. Teadup\u00e4rast kasutas Amorim Unitedist 3-4-3 asetust.<\/p>\n<p class=\"ssrcss-1q0x1qg-Paragraph e1jhz7w10\">Carricku toomisega soovis klubi v\u00f5ita aega, et suvel palgata uus peatreener. Kuid endise Unitedi ja Inglismaa koondise poolkaitsja k\u00e4e all m\u00e4ngis meeskond niiv\u00f5rd h\u00e4sti, et on kaks vooru enne l\u00f5ppu sisuliselt kindlustanud kolmanda koha ning viinud meeskonna j\u00e4rgmiseks hooajaks Meistrite liigasse.<\/p>\n<p class=\"ssrcss-1q0x1qg-Paragraph e1jhz7w10\">Nii otsustasid klubi tegevjuht Omar Berrada ja spordidirektor Jason Wilcox, et Carrick v\u00f5iks j\u00e4tkata. L\u00e4hiajal peaksid algama l\u00e4bir\u00e4\u00e4kimised uue lepingu osas.<\/p>\n<p class=\"ssrcss-1q0x1qg-Paragraph e1jhz7w10\">Carrick on seni v\u00f5itnud 15 m\u00e4ngust 10, olles kaotanud vaid 2 m\u00e4ngu. Tema ametiaja jooksul pole \u00fckski Premier League&#8217;i klubi teeninud nii palju punkte kui United, kes kogunud 33 silma. Teiste seas alistati tiitli nimel heitlevad Manchester City ja Arsenal, samuti Liverpool, Aston Villa ja Chelsea.<\/p>\n<p class=\"ssrcss-1q0x1qg-Paragraph e1jhz7w10\">Carricku ja Unitedi hooaeg l\u00f5peb 24. mail, mil Premier League&#8217;i viimases voorus s\u00f5idetakse k\u00fclla Brightonile. Sel p\u00fchap\u00e4eval v\u00f5\u00f5rustatakse Nottingham Forestit. See j\u00e4\u00e4b viimaseks kodum\u00e4nguks legendaarsele Brasiilia poolkaitsjale Casemirole, kes lahkub suvel klubist.<\/p>\n","protected":false},"excerpt":{"rendered":"BBC teatel teeb Unitedi juhtkond klubi \u00fchele omanikule Sir Jim Ratcliffe&#8217;ile ettepaneku, et 44-aastane Carrick v\u00f5iks ametis j\u00e4tkata.&hellip;\n","protected":false},"author":2,"featured_media":177710,"comment_status":"","ping_status":"","sticky":false,"template":"","format":"standard","meta":{"footnotes":"","_share_on_mastodon":"0"},"categories":[18],"tags":[37,33,35,34,36,1105,41666,808,159,158],"class_list":["post-177709","post","type-post","status-publish","format-standard","has-post-thumbnail","category-sport","tag-ee","tag-eesti","tag-eesti-keel","tag-estonia","tag-estonian","tag-manchester-united","tag-michael-carrick","tag-premier-league","tag-sport","tag-sports"],"share_on_mastodon":{"url":"https:\/\/pubeurope.com\/@ee\/116571836622557221","error":""},"_links":{"self":[{"href":"https:\/\/www.europesays.com\/ee\/wp-json\/wp\/v2\/posts\/177709","targetHints":{"allow":["GET"]}}],"collection":[{"href":"https:\/\/www.europesays.com\/ee\/wp-json\/wp\/v2\/posts"}],"about":[{"href":"https:\/\/www.europesays.com\/ee\/wp-json\/wp\/v2\/types\/post"}],"author":[{"embeddable":true,"href":"https:\/\/www.europesays.com\/ee\/wp-json\/wp\/v2\/users\/2"}],"replies":[{"embeddable":true,"href":"https:\/\/www.europesays.com\/ee\/wp-json\/wp\/v2\/comments?post=177709"}],"version-history":[{"count":0,"href":"https:\/\/www.europesays.com\/ee\/wp-json\/wp\/v2\/posts\/177709\/revisions"}],"wp:featuredmedia":[{"embeddable":true,"href":"https:\/\/www.europesays.com\/ee\/wp-json\/wp\/v2\/media\/177710"}],"wp:attachment":[{"href":"https:\/\/www.europesays.com\/ee\/wp-json\/wp\/v2\/media?parent=177709"}],"wp:term":[{"taxonomy":"category","embeddable":true,"href":"https:\/\/www.europesays.com\/ee\/wp-json\/wp\/v2\/categories?post=177709"},{"taxonomy":"post_tag","embeddable":true,"href":"https:\/\/www.europesays.com\/ee\/wp-json\/wp\/v2\/tags?post=177709"}],"curies":[{"name":"wp","href":"https:\/\/api.w.org\/{rel}","templated":true}]}}