{"id":177822,"date":"2026-05-14T10:13:16","date_gmt":"2026-05-14T10:13:16","guid":{"rendered":"https:\/\/www.europesays.com\/ee\/177822\/"},"modified":"2026-05-14T10:13:16","modified_gmt":"2026-05-14T10:13:16","slug":"taispikkuses-vaata-uuesti-taltech-alexela-transcom-parnu-kohtumist-delfi-sport","status":"publish","type":"post","link":"https:\/\/www.europesays.com\/ee\/177822\/","title":{"rendered":"T\u00c4ISPIKKUSES | Vaata uuesti TalTech\/ALEXELA &#8211; Transcom P\u00e4rnu kohtumist! &#8211; Delfi Sport"},"content":{"rendered":"<ol>\n<li><a href=\"https:\/\/news.google.com\/rss\/articles\/CBMiogFBVV95cUxNQURxTGRsSElfcDAwcUoxbW0yc055TnBPX3dyQVRFX2VybUpSUTVvaVlpUE5kVW04ZGlzSVhNcVpVbUZmb2lvSVhLSkJBY3dWMWpiaXFWSXVIMENqX2VoaGFWZzRlU3NZLUtiNmNrMmZQY1pMY2V3ZDFoRVVTcUc4N25Ga1A4M3pWQkdJM3RBSnVpZlF1d0pXZ1JaT3RUQ25ocGc?oc=5\" target=\"_blank\" rel=\"nofollow noopener\">T\u00c4ISPIKKUSES | Vaata uuesti TalTech\/ALEXELA &#8211; Transcom P\u00e4rnu kohtumist!<\/a>&nbsp;&nbsp;Delfi Sport<\/li>\n<li><a href=\"https:\/\/news.google.com\/rss\/articles\/CBMirgFBVV95cUxOUDA2NENTOTd4V0ZJc0diZ2NNbmlXazhCUzd2R3hUTUJob2VHcWhCaUN1R2N1ZXhzdHY2bktoaHlGV1VrQkVMWVU1a0hpQ3ppTm4xeTVpWnhXckN4ZDY4SGFIYmpLNnI0em5xRlZVckVNWVRfbDZNaU9KQWF3SVRBNHl0M18tMElEVjAzUVNzWUQzRDRWbzhWdWVMRnpxcG5qSnRwUEZvSXJGSkFqMlE?oc=5\" target=\"_blank\" rel=\"nofollow noopener\">TalTech vinnas end s\u00fcgavast august v\u00e4lja ja asus pronksiseeriat juhtima<\/a>&nbsp;&nbsp;\u00d5htuleht<\/li>\n<li><a href=\"https:\/\/news.google.com\/rss\/articles\/CBMioAFBVV95cUxNWVo0YWxLdlFKeWxZRWpmZ0dOc1JIR3FXNmhLaHZwcGRuekQ1WFZFcWlMaE1kWlZidFRjMWRsYlc0RS1rMkpMcUVlSUZDMnlYUXA2SkplQ09EQkFVT1ZFdGVSZlFWZS00ZndsX3FHYVRrSlpvbGFEUlQ2bzRjWnNVTGt4akttUWdZN1RyREhPcVdDLWJXNkoxaEZWQURiZ19Q?oc=5\" target=\"_blank\" rel=\"nofollow noopener\">M\u00c4NGU HETKED | Taavi Jurkatamm s\u00e4ras pronksim\u00e4ngus pealtpanekutega<\/a>&nbsp;&nbsp;Delfi Sport<\/li>\n<li><a href=\"https:\/\/news.google.com\/rss\/articles\/CBMiP0FVX3lxTFBtZFRucFlpLTc3Qkd2VVU3RDVoWm9aRFFsaTZacm9TendfSTQ2WXlra2RKQ010Q2FWdFVqRmJlcw?oc=5\" target=\"_blank\" rel=\"nofollow noopener\">TalTech tuli suurest kaotusseisust v\u00e4lja ja v\u00f5itis avam\u00e4ngu lisaajal<\/a>&nbsp;&nbsp;Uudis.net<\/li>\n<li><a href=\"https:\/\/news.google.com\/rss\/articles\/CBMiuAFBVV95cUxOZWFMcVY3dEdLRmhOX2tXZlB1VjBUeVg2MTIxUVVUT0xLdVB1ZzVCQWF0Y0cwQl8tbmhlSzB1ZFZxNHpWUG1Md1F4eFJvd21uZWQxektnN0E3ajRsNjhvNVBJRXJMY3dTRm5XSjJKT0RqclpjWHZhYlZmN3RBbko0cHV3QWQwSnNSUnN2bEluRFBDclFGbWtYaVowbWpVWi1RSmJuSEFYN3JFWW41WmR4WE95UXljMzZy?oc=5\" target=\"_blank\" rel=\"nofollow noopener\">TIPPHETKED JA FOTOD | 20-punktilise edu maha m\u00e4nginud P\u00e4rnu kaotas pronksiseeria avam\u00e4ngus TalTechile lisaajal<\/a>&nbsp;&nbsp;Delfi Sport<\/li>\n<\/ol>\n","protected":false},"excerpt":{"rendered":"T\u00c4ISPIKKUSES | Vaata uuesti TalTech\/ALEXELA &#8211; Transcom P\u00e4rnu kohtumist!&nbsp;&nbsp;Delfi Sport TalTech vinnas end s\u00fcgavast august v\u00e4lja ja asus&hellip;\n","protected":false},"author":2,"featured_media":177823,"comment_status":"","ping_status":"","sticky":false,"template":"","format":"standard","meta":{"footnotes":"","_share_on_mastodon":"0"},"categories":[18],"tags":[37,33,35,34,36,1513,159,158,3029,3511],"class_list":["post-177822","post","type-post","status-publish","format-standard","has-post-thumbnail","category-sport","tag-ee","tag-eesti","tag-eesti-keel","tag-estonia","tag-estonian","tag-korvpall","tag-sport","tag-sports","tag-taltech-alexela","tag-transcom-parnu"],"share_on_mastodon":{"url":"https:\/\/pubeurope.com\/@ee\/116572402850191367","error":""},"_links":{"self":[{"href":"https:\/\/www.europesays.com\/ee\/wp-json\/wp\/v2\/posts\/177822","targetHints":{"allow":["GET"]}}],"collection":[{"href":"https:\/\/www.europesays.com\/ee\/wp-json\/wp\/v2\/posts"}],"about":[{"href":"https:\/\/www.europesays.com\/ee\/wp-json\/wp\/v2\/types\/post"}],"author":[{"embeddable":true,"href":"https:\/\/www.europesays.com\/ee\/wp-json\/wp\/v2\/users\/2"}],"replies":[{"embeddable":true,"href":"https:\/\/www.europesays.com\/ee\/wp-json\/wp\/v2\/comments?post=177822"}],"version-history":[{"count":0,"href":"https:\/\/www.europesays.com\/ee\/wp-json\/wp\/v2\/posts\/177822\/revisions"}],"wp:featuredmedia":[{"embeddable":true,"href":"https:\/\/www.europesays.com\/ee\/wp-json\/wp\/v2\/media\/177823"}],"wp:attachment":[{"href":"https:\/\/www.europesays.com\/ee\/wp-json\/wp\/v2\/media?parent=177822"}],"wp:term":[{"taxonomy":"category","embeddable":true,"href":"https:\/\/www.europesays.com\/ee\/wp-json\/wp\/v2\/categories?post=177822"},{"taxonomy":"post_tag","embeddable":true,"href":"https:\/\/www.europesays.com\/ee\/wp-json\/wp\/v2\/tags?post=177822"}],"curies":[{"name":"wp","href":"https:\/\/api.w.org\/{rel}","templated":true}]}}