{"id":177844,"date":"2026-05-14T10:35:09","date_gmt":"2026-05-14T10:35:09","guid":{"rendered":"https:\/\/www.europesays.com\/ee\/177844\/"},"modified":"2026-05-14T10:35:09","modified_gmt":"2026-05-14T10:35:09","slug":"inter-sai-meistritiitli-korvale-ka-karikavoidu-jalgpall","status":"publish","type":"post","link":"https:\/\/www.europesays.com\/ee\/177844\/","title":{"rendered":"Inter sai meistritiitli k\u00f5rvale ka karikav\u00f5idu | Jalgpall"},"content":{"rendered":"<p>Poolteist n\u00e4dalat tagasi Itaalia jalgpallimeistriks kroonitud Milano Inter v\u00f5itis kolmap\u00e4eval ka kodused karikav\u00f5istlused.<\/p>\n<p>Inter alistas karikav\u00f5istluste finaalis Rooma Lazio 2:0. Milano sinine meeskond asus juhtima 14. minutil Adam Marusici omav\u00e4ravast ja 33. minutil kasvatas eduseisu kahev\u00e4ravaliseks Lautaro Martinez.<\/p>\n<p>Inter v\u00f5itis kodused karikav\u00f5istlused k\u00fcmnendat korda. Selles arvestuses edestab neid \u00fcksnes Torino Juventus, kellel on auhinnakapis 15 Coppa Italia trofeed. \u00dchtlasi sai Interist esimene klubi p\u00e4rast Juventust 2017\/18 hooajal, kes kroonitud samal hooajal nii Itaalia meistriks kui ka karikav\u00f5itjaks.<\/p>\n","protected":false},"excerpt":{"rendered":"Poolteist n\u00e4dalat tagasi Itaalia jalgpallimeistriks kroonitud Milano Inter v\u00f5itis kolmap\u00e4eval ka kodused karikav\u00f5istlused. Inter alistas karikav\u00f5istluste finaalis Rooma&hellip;\n","protected":false},"author":2,"featured_media":177845,"comment_status":"","ping_status":"","sticky":false,"template":"","format":"standard","meta":{"footnotes":"","_share_on_mastodon":"0"},"categories":[18],"tags":[28327,37,33,35,34,36,79908,1811,159,158],"class_list":["post-177844","post","type-post","status-publish","format-standard","has-post-thumbnail","category-sport","tag-coppa-italia","tag-ee","tag-eesti","tag-eesti-keel","tag-estonia","tag-estonian","tag-itaalia-jalgpalli-karikavoistlused","tag-milano-inter","tag-sport","tag-sports"],"share_on_mastodon":{"url":"https:\/\/pubeurope.com\/@ee\/116572489242157801","error":""},"_links":{"self":[{"href":"https:\/\/www.europesays.com\/ee\/wp-json\/wp\/v2\/posts\/177844","targetHints":{"allow":["GET"]}}],"collection":[{"href":"https:\/\/www.europesays.com\/ee\/wp-json\/wp\/v2\/posts"}],"about":[{"href":"https:\/\/www.europesays.com\/ee\/wp-json\/wp\/v2\/types\/post"}],"author":[{"embeddable":true,"href":"https:\/\/www.europesays.com\/ee\/wp-json\/wp\/v2\/users\/2"}],"replies":[{"embeddable":true,"href":"https:\/\/www.europesays.com\/ee\/wp-json\/wp\/v2\/comments?post=177844"}],"version-history":[{"count":0,"href":"https:\/\/www.europesays.com\/ee\/wp-json\/wp\/v2\/posts\/177844\/revisions"}],"wp:featuredmedia":[{"embeddable":true,"href":"https:\/\/www.europesays.com\/ee\/wp-json\/wp\/v2\/media\/177845"}],"wp:attachment":[{"href":"https:\/\/www.europesays.com\/ee\/wp-json\/wp\/v2\/media?parent=177844"}],"wp:term":[{"taxonomy":"category","embeddable":true,"href":"https:\/\/www.europesays.com\/ee\/wp-json\/wp\/v2\/categories?post=177844"},{"taxonomy":"post_tag","embeddable":true,"href":"https:\/\/www.europesays.com\/ee\/wp-json\/wp\/v2\/tags?post=177844"}],"curies":[{"name":"wp","href":"https:\/\/api.w.org\/{rel}","templated":true}]}}