{"id":177916,"date":"2026-05-14T11:53:10","date_gmt":"2026-05-14T11:53:10","guid":{"rendered":"https:\/\/www.europesays.com\/ee\/177916\/"},"modified":"2026-05-14T11:53:10","modified_gmt":"2026-05-14T11:53:10","slug":"hertha-kasutas-optsiooni-ja-jatkab-gouramiga-ka-uuel-hooajal-soccernet-ee","status":"publish","type":"post","link":"https:\/\/www.europesays.com\/ee\/177916\/","title":{"rendered":"Hertha kasutas optsiooni ja j\u00e4tkab Gouramiga ka uuel hooajal &#8211; Soccernet.ee"},"content":{"rendered":"<p><img decoding=\"async\" src=\"https:\/\/www.europesays.com\/ee\/wp-content\/uploads\/2026\/05\/1778739880.jpg\" alt=\"Soufian Gouram ja Hertha spordidirektor Benjamin Weber. Foto: Hertha BSC\"\/>&#13;\n<\/p>\n<p>Eesti U21 koondise poolkaitsja Soufian Gouram j\u00e4tkab Berliini Herthas, s\u00f5lmides klubi esindusmeeskonnaga aastase profilepingu.<\/p>\n<p>Tegu ei ole tegelikult otseselt uue lepinguga &#8211; nimelt oli Herthal v\u00f5imalik kasutada Gourami suhtes aastast optsiooni, mis n\u00fc\u00fcd k\u00e4iku l\u00e4ks.&#13;\n<\/p>\n<p>&#8220;Soufianist on saanud meie U23 meeskonnas sel hooajal v\u00f5tmem\u00e4ngija ning on regulaarselt treeninud esindusmeeskonnaga,&#8221; s\u00f5nas klubi kodulehele Hertha spordidirektor Benjamin Weber. &#8220;Meile on meeldinud, kuidas ta on v\u00f5imalusest kinni haaranud ja j\u00e4lgime huviga tema edasist arengut.&#8221;&#13;\n<\/p>\n<p>Mai esimesel p\u00e4eval 20-aastaseks saanud Gouram lisas, et j\u00e4\u00e4b oma l\u00f5ppeva hooajaga rahule ning soovib n\u00fc\u00fcd teha arengus veelgi sammu edasi.<\/p>\n<p>Saksamaal \u00fcles kasvanud Gouram liitus Hertha akadeemiaga 2019. aastal ning tegi duubelmeeskonna eest Saksamaa tugevuselt neljandas liigas deb\u00fc\u00fcdi aasta tagasi. Sel hooajal on ta Hertha duubeltiimi eest saanud 20 m\u00e4nguga kirja neli v\u00e4ravat ja neli v\u00e4ravas\u00f6\u00f6tu. Talvise pausi ajal kutsuti Gouram esimest korda Hertha esindusmeeskonna laagrisse Hispaanias, kus ta esinduse eest ka esimesed mitteametlikud minutid kirja sai.&#13;\n<\/p>\n<p>\u00dcks voor enne hooaja l\u00f5ppu asub Hertha esindusmeeskond Saksamaa esiliigas kuuendal kohal, mis t\u00e4hendab, et ka tuleval hooajal m\u00e4ngitakse Bundesliga 2-s.\u00a0<\/p>\n","protected":false},"excerpt":{"rendered":"&#13; Eesti U21 koondise poolkaitsja Soufian Gouram j\u00e4tkab Berliini Herthas, s\u00f5lmides klubi esindusmeeskonnaga aastase profilepingu. Tegu ei ole&hellip;\n","protected":false},"author":2,"featured_media":177917,"comment_status":"","ping_status":"","sticky":false,"template":"","format":"standard","meta":{"footnotes":"","_share_on_mastodon":"0"},"categories":[18],"tags":[19133,37,33,35,34,36,14767,14768,1634,159,158],"class_list":["post-177916","post","type-post","status-publish","format-standard","has-post-thumbnail","category-sport","tag-berliini-hertha","tag-ee","tag-eesti","tag-eesti-keel","tag-estonia","tag-estonian","tag-gouram","tag-hertha","tag-soufian-gouram","tag-sport","tag-sports"],"share_on_mastodon":{"url":"https:\/\/pubeurope.com\/@ee\/116572796157672840","error":""},"_links":{"self":[{"href":"https:\/\/www.europesays.com\/ee\/wp-json\/wp\/v2\/posts\/177916","targetHints":{"allow":["GET"]}}],"collection":[{"href":"https:\/\/www.europesays.com\/ee\/wp-json\/wp\/v2\/posts"}],"about":[{"href":"https:\/\/www.europesays.com\/ee\/wp-json\/wp\/v2\/types\/post"}],"author":[{"embeddable":true,"href":"https:\/\/www.europesays.com\/ee\/wp-json\/wp\/v2\/users\/2"}],"replies":[{"embeddable":true,"href":"https:\/\/www.europesays.com\/ee\/wp-json\/wp\/v2\/comments?post=177916"}],"version-history":[{"count":0,"href":"https:\/\/www.europesays.com\/ee\/wp-json\/wp\/v2\/posts\/177916\/revisions"}],"wp:featuredmedia":[{"embeddable":true,"href":"https:\/\/www.europesays.com\/ee\/wp-json\/wp\/v2\/media\/177917"}],"wp:attachment":[{"href":"https:\/\/www.europesays.com\/ee\/wp-json\/wp\/v2\/media?parent=177916"}],"wp:term":[{"taxonomy":"category","embeddable":true,"href":"https:\/\/www.europesays.com\/ee\/wp-json\/wp\/v2\/categories?post=177916"},{"taxonomy":"post_tag","embeddable":true,"href":"https:\/\/www.europesays.com\/ee\/wp-json\/wp\/v2\/tags?post=177916"}],"curies":[{"name":"wp","href":"https:\/\/api.w.org\/{rel}","templated":true}]}}