{"id":178061,"date":"2026-05-14T14:41:31","date_gmt":"2026-05-14T14:41:31","guid":{"rendered":"https:\/\/www.europesays.com\/ee\/178061\/"},"modified":"2026-05-14T14:41:31","modified_gmt":"2026-05-14T14:41:31","slug":"linnas-tuleb-kevadtormi-tottu-liikluspiiranguid-tartu-postimees","status":"publish","type":"post","link":"https:\/\/www.europesays.com\/ee\/178061\/","title":{"rendered":"Linnas tuleb Kevadtormi t\u00f5ttu liikluspiiranguid &#8211; Tartu Postimees"},"content":{"rendered":"<ol>\n<li><a href=\"https:\/\/news.google.com\/rss\/articles\/CBMiigFBVV95cUxQZ0drdkdIUFZtU2I2Q0F4OVVLdHhTUjY2X3I3YWRHUk1CZ09XdHU5Rmh2ajVjQVE2bTBSei0wMkU2RVJ2aGJNcjg3QU0zOGc5TWsxbzZueGZSQXBlU0hNeTQyM1o3dWU2VEZRTEE5M2lHYXhBZmpOODBTd19zY1FtRXByM3RzRXhfM3c?oc=5\" target=\"_blank\" rel=\"nofollow noopener\">Linnas tuleb Kevadtormi t\u00f5ttu liikluspiiranguid<\/a>&nbsp;&nbsp;Tartu Postimees<\/li>\n<li><a href=\"https:\/\/news.google.com\/rss\/articles\/CBMizAFBVV95cUxOXzNoVWpKc2Q5dGE0OTBuOTVFVENibVNTc3dNdFd4d21nSGxCRFNfelB3YnZCMmRES0didVZrS2p4SV91WUlMejFLTW42Ukh6LXpXZFA5T1NIS3A2bnZDT01IZHJ3c19iLVMxSVdjTW8tNXhrZXd6bGZGZmdrVlFSV3k1Ui1ZWHhPaVIyMGxoeEx4aXllNDljeEszVmhGbkp5UWRWZTFDX1BBemN3bjVlS09JajV3VXdobW8zNDk4NkNXaGdlcnlmTUZxaF8?oc=5\" target=\"_blank\" rel=\"nofollow noopener\">GALERII | Reservv\u00e4elased valmistuvad Kevadtormi lahinguteks: esimesed laskmised ja l\u00f5hkamised on tehtud<\/a>&nbsp;&nbsp;\u00d5htuleht<\/li>\n<li><a href=\"https:\/\/news.google.com\/rss\/articles\/CBMiigFBVV95cUxQZHBOaFMwWFFqaDNnUXdON2dTcGIzWDBlajI4QnhsZTByQ2pyTmk0RWRMbzZ0THI4bTl2VFAyMjVRcWNmZ3JhdkJhYUlwalRmNkxFc0JURFA0cThkQmw0XzVnSGhYSlRNUGRHUGE0RU5EWVpCRVB0SDVJVjZtZnNHZ3g1dlRpdmxWNnc?oc=5\" target=\"_blank\" rel=\"nofollow noopener\">Ligi tuhat reservv\u00e4elast j\u00f5udsid \u00f5ppusele Kevadtorm 2026<\/a>&nbsp;&nbsp;L\u00f5unaeestlane<\/li>\n<li><a href=\"https:\/\/news.google.com\/rss\/articles\/CBMiP0FVX3lxTE5nR2pJbjhRNFBNTXhFRjJ5OXgweUFYZU5UY1d0a0VMQnY2ZDJxSnBWY205NDlPbnY1OE9uMGtMSQ?oc=5\" target=\"_blank\" rel=\"nofollow noopener\">ERR-i teleuudised kell 9:00<\/a>&nbsp;&nbsp;Uudis.net<\/li>\n<li><a href=\"https:\/\/news.google.com\/rss\/articles\/CBMinAFBVV95cUxQTHc5Y2ptVDFGOGRBamdUby1HYWxUTWdDUnpNZUc1cDQxeFh0dDZxX09WaURmY0xvMHRkQ1hTcDBUSFZUQVBaalh4ajhnWms2X0xOdzBCekEyalpLbVFQWWpMY25oRXl4OV9xejA1eUVncks0MmVTWlNGdFlFQjdoeVBBalZyLUJTWGhuMlNDdFBORHZQb1dHVHYyXzc?oc=5\" target=\"_blank\" rel=\"nofollow noopener\">Kevadtormi raames harjutatakse Kaitseliidu ja PPA \u00fchiseid jalgsipatrulle<\/a>&nbsp;&nbsp;Kaitsev\u00e4gi<\/li>\n<\/ol>\n","protected":false},"excerpt":{"rendered":"Linnas tuleb Kevadtormi t\u00f5ttu liikluspiiranguid&nbsp;&nbsp;Tartu Postimees GALERII | Reservv\u00e4elased valmistuvad Kevadtormi lahinguteks: esimesed laskmised ja l\u00f5hkamised on tehtud&nbsp;&nbsp;\u00d5htuleht&hellip;\n","protected":false},"author":2,"featured_media":178062,"comment_status":"","ping_status":"","sticky":false,"template":"","format":"standard","meta":{"footnotes":"","_share_on_mastodon":"0"},"categories":[12],"tags":[6355,26,27,37,33,79950,5414,35,34,36,31,32,21,8168,35066,28,29,10273,79952,79505,19,79951,25,79949,23,24,22,20,30],"class_list":["post-178061","post","type-post","status-publish","format-standard","has-post-thumbnail","category-eesti","tag-2-jalavaebrigaad","tag-breaking-news","tag-breakingnews","tag-ee","tag-eesti","tag-eesti-diviis","tag-eesti-kaitsevagi","tag-eesti-keel","tag-estonia","tag-estonian","tag-featured-news","tag-featurednews","tag-headlines","tag-kaitseliit","tag-kevadtorm","tag-latest-news","tag-latestnews","tag-liikluspiirangud","tag-linnalahingud","tag-louna-maakaitseringkond","tag-news","tag-objektikaitse","tag-populaarseimad-lood","tag-tartu-malev","tag-top-stories","tag-topstories","tag-uldised-uudised","tag-uudised","tag-viimased-uudised"],"share_on_mastodon":{"url":"https:\/\/pubeurope.com\/@ee\/116573456633228679","error":""},"_links":{"self":[{"href":"https:\/\/www.europesays.com\/ee\/wp-json\/wp\/v2\/posts\/178061","targetHints":{"allow":["GET"]}}],"collection":[{"href":"https:\/\/www.europesays.com\/ee\/wp-json\/wp\/v2\/posts"}],"about":[{"href":"https:\/\/www.europesays.com\/ee\/wp-json\/wp\/v2\/types\/post"}],"author":[{"embeddable":true,"href":"https:\/\/www.europesays.com\/ee\/wp-json\/wp\/v2\/users\/2"}],"replies":[{"embeddable":true,"href":"https:\/\/www.europesays.com\/ee\/wp-json\/wp\/v2\/comments?post=178061"}],"version-history":[{"count":0,"href":"https:\/\/www.europesays.com\/ee\/wp-json\/wp\/v2\/posts\/178061\/revisions"}],"wp:featuredmedia":[{"embeddable":true,"href":"https:\/\/www.europesays.com\/ee\/wp-json\/wp\/v2\/media\/178062"}],"wp:attachment":[{"href":"https:\/\/www.europesays.com\/ee\/wp-json\/wp\/v2\/media?parent=178061"}],"wp:term":[{"taxonomy":"category","embeddable":true,"href":"https:\/\/www.europesays.com\/ee\/wp-json\/wp\/v2\/categories?post=178061"},{"taxonomy":"post_tag","embeddable":true,"href":"https:\/\/www.europesays.com\/ee\/wp-json\/wp\/v2\/tags?post=178061"}],"curies":[{"name":"wp","href":"https:\/\/api.w.org\/{rel}","templated":true}]}}