{"id":178079,"date":"2026-05-14T15:21:16","date_gmt":"2026-05-14T15:21:16","guid":{"rendered":"https:\/\/www.europesays.com\/ee\/178079\/"},"modified":"2026-05-14T15:21:16","modified_gmt":"2026-05-14T15:21:16","slug":"elektriteater-tahistab-marilyn-monroe-100-sunniaastapaeva-retrospektiiviga-film","status":"publish","type":"post","link":"https:\/\/www.europesays.com\/ee\/178079\/","title":{"rendered":"Elektriteater t\u00e4histab Marilyn Monroe 100. s\u00fcnniaastap\u00e4eva retrospektiiviga | Film"},"content":{"rendered":"<p>1. juunil m\u00f6\u00f6dub 100 aastat filmistaari Marilyn Monroe s\u00fcnnist. Tartu Elektriteater t\u00e4histab popkultuuri ja filmiajaloo legendi juubelit juunikuu jooksul toimuva retrospektiiviga, mis toob vaatajateni valiku tema hinnatumaid filme.<\/p>\n<p>Monroe alustas oma karj\u00e4\u00e4ri modellina. 20-aastaselt s\u00f5lmis ta lepingu 20th Century-Foxi stuudioga, leidis \u00fches mentoriga oma n\u00fc\u00fcdseks legendaarse lavanime (mis hiljem sai ka tema p\u00e4ris nimeks) ning \u00f5ppis esimestel kuudel Foxis n\u00e4itlemist, laulmist ning tantsu ning filmitegemise protsessi. 1947. aastal tegi ta oma esimesed, kuid pea m\u00e4rkamatud filmirollid. 1948. aastal s\u00f5lmis ta aga uue lepingu Columbia stuudioga.\u00a0<\/p>\n<p>Tutvuste kaudu sai ta mitmeid v\u00e4iksemaid rolle ja k\u00f5rvalosi, millest kaks p\u00e4lvisid ka suuremat t\u00e4helepanu: Joseph Mankiewiczi draamas &#8220;Kogu t\u00f5de Eve&#8217;ist&#8221; (1950), mis p\u00e4lvis 14 Oscari nominatsiooni, ning John Hustoni noir&#8217;is &#8220;Asfaldid\u017eungel&#8221; (1950).<\/p>\n<p>Suurest skandaalist (sai avalikuks, et Monroe poseeris oma modellikarj\u00e4\u00e4ri jooksul alasti) hoolimata hakkas just siis kujunema Monroe maine seksis\u00fcmbolina ning tema tuntus aina kasvas. Soovides n\u00e4idata oma oskuste ulatust, tegi Monroe kaks m\u00e4rkimisv\u00e4\u00e4rset rolli: noir-draamas &#8220;\u00d6ine kokkup\u00f5rge&#8221; (1952) ning ps\u00fchholoogilises p\u00f5nevikus &#8220;Draama hotellis&#8221; (1952).<\/p>\n<p>Marilyn Monroele p\u00fchendatud programmis linastuvad Henry Hathaway noir-elementidega krimidraama &#8220;Niagara&#8221; (1953), Howard Hawksi muusikaline kom\u00f6\u00f6dia &#8220;H\u00e4rrasmehed eelistavad blondiine&#8221; (1953) ning kaks Billy Wilderi kom\u00f6\u00f6diat: \u00fcks k\u00f5igi aegade parimate filmide hulka peetav &#8220;D\u017e\u00e4ssis ainult t\u00fcdrukud&#8221; (1959) ja &#8220;Seitsmenda aasta kihelus&#8221; (1955), mille lehviva valge kleidi stseen on kujunenud Monroe karj\u00e4\u00e4ri \u00fcheks ikoonilisemaks.<\/p>\n<p>Programmi kuraatori Emma Leena Toomsalu s\u00f5nul on Marilyn Monroe p\u00e4rand filmistaari ja popkultuuri legendina ainulaadne.<\/p>\n<p>&#8220;Tahtsime tema panust filmi- ja kultuurilukku austada just tema 100. s\u00fcnniaastap\u00e4eva puhul \u2013 kuigi tema karj\u00e4\u00e4r j\u00e4i l\u00fchikeseks, on tema filmid j\u00e4tkuvalt \u00fcle maailma k\u00f5rgelt hinnatud ning Monroe ise on ka k\u00fcmnendite jooksul peale oma lahkumist inspireerinud lugematul hulgal kunstnikke, muusikuid ja filmitegijaid,&#8221; m\u00e4rkis Toomsalu.<\/p>\n","protected":false},"excerpt":{"rendered":"1. juunil m\u00f6\u00f6dub 100 aastat filmistaari Marilyn Monroe s\u00fcnnist. Tartu Elektriteater t\u00e4histab popkultuuri ja filmiajaloo legendi juubelit juunikuu&hellip;\n","protected":false},"author":2,"featured_media":178080,"comment_status":"","ping_status":"","sticky":false,"template":"","format":"standard","meta":{"footnotes":"","_share_on_mastodon":"0"},"categories":[16],"tags":[37,33,35,4469,173,34,36,25861,140,15966],"class_list":["post-178079","post","type-post","status-publish","format-standard","has-post-thumbnail","category-meelelahutus","tag-ee","tag-eesti","tag-eesti-keel","tag-elektriteater","tag-entertainment","tag-estonia","tag-estonian","tag-marilyn-monroe","tag-meelelahutus","tag-tartu-elektriteater"],"share_on_mastodon":{"url":"https:\/\/pubeurope.com\/@ee\/116573613858469491","error":""},"_links":{"self":[{"href":"https:\/\/www.europesays.com\/ee\/wp-json\/wp\/v2\/posts\/178079","targetHints":{"allow":["GET"]}}],"collection":[{"href":"https:\/\/www.europesays.com\/ee\/wp-json\/wp\/v2\/posts"}],"about":[{"href":"https:\/\/www.europesays.com\/ee\/wp-json\/wp\/v2\/types\/post"}],"author":[{"embeddable":true,"href":"https:\/\/www.europesays.com\/ee\/wp-json\/wp\/v2\/users\/2"}],"replies":[{"embeddable":true,"href":"https:\/\/www.europesays.com\/ee\/wp-json\/wp\/v2\/comments?post=178079"}],"version-history":[{"count":0,"href":"https:\/\/www.europesays.com\/ee\/wp-json\/wp\/v2\/posts\/178079\/revisions"}],"wp:featuredmedia":[{"embeddable":true,"href":"https:\/\/www.europesays.com\/ee\/wp-json\/wp\/v2\/media\/178080"}],"wp:attachment":[{"href":"https:\/\/www.europesays.com\/ee\/wp-json\/wp\/v2\/media?parent=178079"}],"wp:term":[{"taxonomy":"category","embeddable":true,"href":"https:\/\/www.europesays.com\/ee\/wp-json\/wp\/v2\/categories?post=178079"},{"taxonomy":"post_tag","embeddable":true,"href":"https:\/\/www.europesays.com\/ee\/wp-json\/wp\/v2\/tags?post=178079"}],"curies":[{"name":"wp","href":"https:\/\/api.w.org\/{rel}","templated":true}]}}