{"id":17828,"date":"2025-10-12T13:36:11","date_gmt":"2025-10-12T13:36:11","guid":{"rendered":"https:\/\/www.europesays.com\/ee\/17828\/"},"modified":"2025-10-12T13:36:11","modified_gmt":"2025-10-12T13:36:11","slug":"saarlane-%e2%9f%a9-anne-mai-alas-on-insener-tehnikamaailmas-taites-oma-unistusi","status":"publish","type":"post","link":"https:\/\/www.europesays.com\/ee\/17828\/","title":{"rendered":"SAARLANE \u27e9 Anne-Mai Alas on insener tehnikamaailmas, t\u00e4ites oma unistusi"},"content":{"rendered":"<p>Kihelkonnalt p\u00e4rit autoinsener Anne-Mai Alas on ehtne n\u00e4ide sellest, kuidas sihikindluse ja saare naise kangusega v\u00f5ib teiste arvamusest hoolimata j\u00f5uda endale s\u00fcdamel\u00e4hedasel alal kaugele.<\/p>\n<p>V\u00e4ikeses Kihelkonna koolis oli siis, kui Anne-Mai seal \u00f5ppis, ainult 28 \u00f5pilast. Ka k\u00fclaelu oli vaikne ja lapsed proovisid ise oma elu p\u00f5nevaks elada. Nii saidki k\u00f5ik lollused Anne-Mai s\u00f5nul juba lapsena \u00e4ra tehtud.<\/p>\n<p>Kihelkonnal on perekond Alasel talu, kus traktorid ja muud masinad hakkasid t\u00fcdrukut juba p\u00e4ris varakult huvitama ning peagi tekkis soov ise proovida ja katsetada.<\/p>\n","protected":false},"excerpt":{"rendered":"Kihelkonnalt p\u00e4rit autoinsener Anne-Mai Alas on ehtne n\u00e4ide sellest, kuidas sihikindluse ja saare naise kangusega v\u00f5ib teiste arvamusest&hellip;\n","protected":false},"author":2,"featured_media":17829,"comment_status":"","ping_status":"","sticky":false,"template":"","format":"standard","meta":{"footnotes":"","_share_on_mastodon":"0"},"categories":[12],"tags":[10794,10799,26,27,37,33,35,34,36,31,32,21,10625,10793,28,29,10795,10796,19,25,10798,10797,23,24,22,20,30],"class_list":["post-17828","post","type-post","status-publish","format-standard","has-post-thumbnail","category-eesti","tag-anne-mai-alas","tag-autoinsener","tag-breaking-news","tag-breakingnews","tag-ee","tag-eesti","tag-eesti-keel","tag-estonia","tag-estonian","tag-featured-news","tag-featurednews","tag-headlines","tag-it","tag-kuressaare-ametikool","tag-latest-news","tag-latestnews","tag-maire-kivi","tag-mairi-saar","tag-news","tag-populaarseimad-lood","tag-saarlane","tag-tallinna-tehnikakorgkool","tag-top-stories","tag-topstories","tag-uldised-uudised","tag-uudised","tag-viimased-uudised"],"share_on_mastodon":{"url":"","error":""},"_links":{"self":[{"href":"https:\/\/www.europesays.com\/ee\/wp-json\/wp\/v2\/posts\/17828","targetHints":{"allow":["GET"]}}],"collection":[{"href":"https:\/\/www.europesays.com\/ee\/wp-json\/wp\/v2\/posts"}],"about":[{"href":"https:\/\/www.europesays.com\/ee\/wp-json\/wp\/v2\/types\/post"}],"author":[{"embeddable":true,"href":"https:\/\/www.europesays.com\/ee\/wp-json\/wp\/v2\/users\/2"}],"replies":[{"embeddable":true,"href":"https:\/\/www.europesays.com\/ee\/wp-json\/wp\/v2\/comments?post=17828"}],"version-history":[{"count":0,"href":"https:\/\/www.europesays.com\/ee\/wp-json\/wp\/v2\/posts\/17828\/revisions"}],"wp:featuredmedia":[{"embeddable":true,"href":"https:\/\/www.europesays.com\/ee\/wp-json\/wp\/v2\/media\/17829"}],"wp:attachment":[{"href":"https:\/\/www.europesays.com\/ee\/wp-json\/wp\/v2\/media?parent=17828"}],"wp:term":[{"taxonomy":"category","embeddable":true,"href":"https:\/\/www.europesays.com\/ee\/wp-json\/wp\/v2\/categories?post=17828"},{"taxonomy":"post_tag","embeddable":true,"href":"https:\/\/www.europesays.com\/ee\/wp-json\/wp\/v2\/tags?post=17828"}],"curies":[{"name":"wp","href":"https:\/\/api.w.org\/{rel}","templated":true}]}}