{"id":178499,"date":"2026-05-15T06:03:15","date_gmt":"2026-05-15T06:03:15","guid":{"rendered":"https:\/\/www.europesays.com\/ee\/178499\/"},"modified":"2026-05-15T06:03:15","modified_gmt":"2026-05-15T06:03:15","slug":"eesti-naiste-ragbikoondis-voorustab-laupaeval-ajaloolises-mangus-latit","status":"publish","type":"post","link":"https:\/\/www.europesays.com\/ee\/178499\/","title":{"rendered":"Eesti naiste ragbikoondis v\u00f5\u00f5rustab laup\u00e4eval ajaloolises m\u00e4ngus L\u00e4tit"},"content":{"rendered":"<p>M\u00e4ng algab kell 14.00 Eesti rahvuslikul kriketi- ja ragbiv\u00e4ljakul Tiskres. Sissep\u00e4\u00e4s on tasuta.<\/p>\n<p>Tegemist on Eesti naiste ragbi jaoks ajaloolise hetkega. Kuigi Eesti naised on varem osalenud ol\u00fcmpiaragbi (7-liikmelise ragbi) v\u00f5istlustel, on see esimene kord, kui naiste koondis m\u00e4ngib t\u00e4isformaadis 15-liikmelise ragbi rahvusvahelist mat\u0161i. L\u00e4ti naiste koondis on rahvusvahelisel areenil juba kogemusega tiim.<\/p>\n<p>\u201eSee on Eesti naiste ragbi jaoks \u00e4\u00e4rmiselt oluline p\u00e4ev. Meie m\u00e4ngijad on selle hetke nimel k\u00f5vasti t\u00f6\u00f6d teinud ja v\u00e4\u00e4rivad v\u00f5imalust esindada oma riiki ragbi k\u00f5ige traditsioonilisemas formaadis,\u201c r\u00e4\u00e4kis Eesti ragbiliidu pressiteates koondise peatreener Graham Smith. <\/p>\n<p><img decoding=\"async\" src=\"https:\/\/www.europesays.com\/ee\/wp-content\/uploads\/2026\/05\/e958623b-bc49-41ea-9939-a3e24fded088.jpg\" loading=\"lazy\" alt=\"Eesti naiste ragbikoondise laager 2025. aasta aprillis Tiskres.\"\/><\/p>\n<p>\u201eL\u00e4ti on kogenum vastane, aga meie naiskond on n\u00e4idanud treeningutel suurep\u00e4rast p\u00fchendumust ja meeskonnavaimu. Palun neil teha t\u00e4pselt sama, mida meestekoondisel \u2013 anda endast nii f\u00fc\u00fcsiliselt kui ka vaimselt maksimum. Oma riigi esindamine on k\u00f5ige suurem au.\u201c<\/p>\n<p>Smith on rahvusvahelise kogemusega elukutseline ragbitreener, kes on muuhulgas treeninud Inglismaa naiste koondise 2014. aasta maailmameistriks.<\/p>\n<p>Eesti naiste ragbi kasv on olnud m\u00e4rkimisv\u00e4\u00e4rne: 2022. aastal osales Eesti esimesel rahvusvahelisel ol\u00fcmpiaragbi turniiril vaid \u00fcheksa m\u00e4ngijaga. T\u00e4na on programmi kaasatud \u00fcle 40 m\u00e4ngija. <\/p>\n<p>Kuidas see lugu Sind end tundma pani? Saada <a href=\"https:\/\/sport.delfi.ee\/artikkel\/120583935\/eesti-naiste-ragbikoondis-voorustab-laupaeval-ajaloolises-mangus-latit\/kommentaarid\" class=\"article-body-bottom__comment article-body-bottom__comment--write button button--primary button--size-auto\" rel=\"nofollow noopener\" target=\"_blank\"> Kommenteeri <\/a><a href=\"https:\/\/sport.delfi.ee\/artikkel\/120583935\/eesti-naiste-ragbikoondis-voorustab-laupaeval-ajaloolises-mangus-latit\/kommentaarid\" class=\"article-body-bottom__comment article-body-bottom__comment--read button button--size-auto\" rel=\"nofollow noopener\" target=\"_blank\"> Loe kommentaare (1)<\/a><\/p>\n","protected":false},"excerpt":{"rendered":"M\u00e4ng algab kell 14.00 Eesti rahvuslikul kriketi- ja ragbiv\u00e4ljakul Tiskres. Sissep\u00e4\u00e4s on tasuta. Tegemist on Eesti naiste ragbi&hellip;\n","protected":false},"author":2,"featured_media":178500,"comment_status":"","ping_status":"","sticky":false,"template":"","format":"standard","meta":{"footnotes":"","_share_on_mastodon":"0"},"categories":[18],"tags":[37,33,35,34,36,48975,159,158],"class_list":["post-178499","post","type-post","status-publish","format-standard","has-post-thumbnail","category-sport","tag-ee","tag-eesti","tag-eesti-keel","tag-estonia","tag-estonian","tag-ragbi","tag-sport","tag-sports"],"share_on_mastodon":{"url":"https:\/\/pubeurope.com\/@ee\/116577082069992760","error":""},"_links":{"self":[{"href":"https:\/\/www.europesays.com\/ee\/wp-json\/wp\/v2\/posts\/178499","targetHints":{"allow":["GET"]}}],"collection":[{"href":"https:\/\/www.europesays.com\/ee\/wp-json\/wp\/v2\/posts"}],"about":[{"href":"https:\/\/www.europesays.com\/ee\/wp-json\/wp\/v2\/types\/post"}],"author":[{"embeddable":true,"href":"https:\/\/www.europesays.com\/ee\/wp-json\/wp\/v2\/users\/2"}],"replies":[{"embeddable":true,"href":"https:\/\/www.europesays.com\/ee\/wp-json\/wp\/v2\/comments?post=178499"}],"version-history":[{"count":0,"href":"https:\/\/www.europesays.com\/ee\/wp-json\/wp\/v2\/posts\/178499\/revisions"}],"wp:featuredmedia":[{"embeddable":true,"href":"https:\/\/www.europesays.com\/ee\/wp-json\/wp\/v2\/media\/178500"}],"wp:attachment":[{"href":"https:\/\/www.europesays.com\/ee\/wp-json\/wp\/v2\/media?parent=178499"}],"wp:term":[{"taxonomy":"category","embeddable":true,"href":"https:\/\/www.europesays.com\/ee\/wp-json\/wp\/v2\/categories?post=178499"},{"taxonomy":"post_tag","embeddable":true,"href":"https:\/\/www.europesays.com\/ee\/wp-json\/wp\/v2\/tags?post=178499"}],"curies":[{"name":"wp","href":"https:\/\/api.w.org\/{rel}","templated":true}]}}