{"id":178546,"date":"2026-05-15T07:08:09","date_gmt":"2026-05-15T07:08:09","guid":{"rendered":"https:\/\/www.europesays.com\/ee\/178546\/"},"modified":"2026-05-15T07:08:09","modified_gmt":"2026-05-15T07:08:09","slug":"bfm-i-direktoriks-purgivad-ivo-lille-ja-riho-vastrik-film","status":"publish","type":"post","link":"https:\/\/www.europesays.com\/ee\/178546\/","title":{"rendered":"BFM-i direktoriks p\u00fcrgivad Ivo Lille ja Riho V\u00e4strik | Film"},"content":{"rendered":"<p>Tallinna \u00dclikooli Balti filmi, meedia ja kunstide instituudi (BFM) juhiks kandideerivad Vabamu tegevjuht ja muusik Ivo Lille ning BFM-i praegune direktori kohuset\u00e4itja ja dokumentalist Riho V\u00e4strik.<\/p>\n<p>Direktori valimise l\u00f5ppvoor on reedel, 22. mail kell 11 valivas kogus, kuhu kuuluvad BFM-i n\u00f5ukogu liikmed ja Tallinna \u00dclikooli rektor. Enne l\u00f5ppvooru toimub esmasp\u00e4eval, 18. mail kell 14 BFM-i telestuudios avalik debatt kahe direktorikandidaadi vahel. Debatti saab j\u00e4lgida nii kohapeal kui ka otse\u00fclekandena Tallinna \u00dclikooli Youtube&#8217;i kanalil.<\/p>\n<p>Lille s\u00f5nul oli kooli k\u00f5ige t\u00e4htsam selle inimesed. Lille on eelnevalt t\u00f6\u00f6tanud Georg Otsa nimelise Tallinna Muusikakooli direktorina ja kultuuriministeeriumi muusikan\u00f5unikuna. Samuti on ta osalenud paljude Eesti muusikaasutuste, sealhulgas Eesti Riikliku S\u00fcmfooniaorkestri, Eesti Filharmoonia Kammerkoori ja Eesti Kontserdi n\u00f5ukogudes. Alates 2024. aastast t\u00f6\u00f6tab Lille okupatsioonide ja vabaduse muuseumi Vabamu tegevjuhina.<\/p>\n<p>Teine direktorikandidaat, ajaloolane ja dokumentalist Riho V\u00e4strik \u00fctles, et tahab anda endast k\u00f5ik, et BFM oleks rahvusvaheliselt n\u00e4htav partner, kes rakendab uusi tehnoloogiaid ja loomingulisi praktikaid ning valmistab ette valdkonna tulevikku kujundavaid spetsialiste.<\/p>\n<p>V\u00e4strik on olnud BFM-i direktori kohuset\u00e4itja 2025. aasta septembrist. Ta on produtseerinud \u00fcle 50 dokumentaalfilmi, mitmed neist on v\u00f5itnud auhindu rahvusvahelistel festivalidel. BFM-is on ta k\u00e4ivitanud dokumentaalfilmi magistriprogrammi ja \u00f5petanud erinevaid aineid viimased 17 aastat. V\u00e4strik on Eesti Dokumentalistide Gildi asutajaliige ja Eesti Polaarklubi liige.<\/p>\n<p>Tallinna \u00dclikooli Balti filmi, meedia ja kunstide instituudi j\u00e4rgmise direktori ametiaeg kestab 1. septembrist 2026 kuni 31. augustini 2031.<\/p>\n<p>Direktorikandidaadil peab olema doktorikraad v\u00f5i sellele vastav kvalifikatsioon. Magistrikraad v\u00f5i sellega v\u00f5rdsustatud kvalifikatsioon loetakse n\u00f5uetele vastavaks, kui kandidaat on tunnustatud loomeisik v\u00f5i tunnustatud ekspert instituudi tegevusvaldkonnas. Kandidaadilt oodatakse soovitavalt kolmeaastast juhtimiskogemust ning viieaastast akadeemilise t\u00f6\u00f6 kogemust instituudi tegevusvaldkonnas.<\/p>\n","protected":false},"excerpt":{"rendered":"Tallinna \u00dclikooli Balti filmi, meedia ja kunstide instituudi (BFM) juhiks kandideerivad Vabamu tegevjuht ja muusik Ivo Lille ning&hellip;\n","protected":false},"author":2,"featured_media":178547,"comment_status":"","ping_status":"","sticky":false,"template":"","format":"standard","meta":{"footnotes":"","_share_on_mastodon":"0"},"categories":[16],"tags":[11673,37,33,35,173,34,36,80012,140,16548],"class_list":["post-178546","post","type-post","status-publish","format-standard","has-post-thumbnail","category-meelelahutus","tag-bfm","tag-ee","tag-eesti","tag-eesti-keel","tag-entertainment","tag-estonia","tag-estonian","tag-ivo-lille","tag-meelelahutus","tag-riho-vastrik"],"share_on_mastodon":{"url":"https:\/\/pubeurope.com\/@ee\/116577337798755187","error":""},"_links":{"self":[{"href":"https:\/\/www.europesays.com\/ee\/wp-json\/wp\/v2\/posts\/178546","targetHints":{"allow":["GET"]}}],"collection":[{"href":"https:\/\/www.europesays.com\/ee\/wp-json\/wp\/v2\/posts"}],"about":[{"href":"https:\/\/www.europesays.com\/ee\/wp-json\/wp\/v2\/types\/post"}],"author":[{"embeddable":true,"href":"https:\/\/www.europesays.com\/ee\/wp-json\/wp\/v2\/users\/2"}],"replies":[{"embeddable":true,"href":"https:\/\/www.europesays.com\/ee\/wp-json\/wp\/v2\/comments?post=178546"}],"version-history":[{"count":0,"href":"https:\/\/www.europesays.com\/ee\/wp-json\/wp\/v2\/posts\/178546\/revisions"}],"wp:featuredmedia":[{"embeddable":true,"href":"https:\/\/www.europesays.com\/ee\/wp-json\/wp\/v2\/media\/178547"}],"wp:attachment":[{"href":"https:\/\/www.europesays.com\/ee\/wp-json\/wp\/v2\/media?parent=178546"}],"wp:term":[{"taxonomy":"category","embeddable":true,"href":"https:\/\/www.europesays.com\/ee\/wp-json\/wp\/v2\/categories?post=178546"},{"taxonomy":"post_tag","embeddable":true,"href":"https:\/\/www.europesays.com\/ee\/wp-json\/wp\/v2\/tags?post=178546"}],"curies":[{"name":"wp","href":"https:\/\/api.w.org\/{rel}","templated":true}]}}