{"id":178598,"date":"2026-05-15T08:14:13","date_gmt":"2026-05-15T08:14:13","guid":{"rendered":"https:\/\/www.europesays.com\/ee\/178598\/"},"modified":"2026-05-15T08:14:13","modified_gmt":"2026-05-15T08:14:13","slug":"julge-rannumees-tiit-pruuli-tahistas-sunnipaeva-maailma-uhes-suletumas-riigis","status":"publish","type":"post","link":"https:\/\/www.europesays.com\/ee\/178598\/","title":{"rendered":"Julge r\u00e4nnumees! Tiit Pruuli t\u00e4histas s\u00fcnnip\u00e4eva maailma \u00fches suletumas riigis"},"content":{"rendered":"<p><img decoding=\"async\" src=\"https:\/\/www.europesays.com\/ee\/wp-content\/uploads\/2026\/05\/0bdf5c61-7685-4e18-a24d-84225ab1e764.jpg\" loading=\"lazy\" alt=\"R\u00c4NDUR Tiit Pruuli oma s\u00fcnnip\u00e4eval T\u00fcrkmenistanis. \"\/><\/p>\n<p>R\u00c4NDUR Tiit Pruuli oma s\u00fcnnip\u00e4eval T\u00fcrkmenistanis. <\/p>\n<p>FOTO: Age P\u00f5der\/Erakogu| Erakogu<\/p>\n<p>Maailmar\u00e4ndurist ettev\u00f5tja <a rel=\"noopener nofollow\" target=\"_blank\" href=\"https:\/\/www.delfi.ee\/teema\/40010951\/tiit-pruuli\" tag-id=\"40010951\">Tiit Pruuli<\/a> koos abikaasa Marisega on juba kaksk\u00fcmmend aastat reisinud s\u00f5pradega kevaditi n-\u00f6 kiiksuga paikadesse \u2013 seekord T\u00fcrkmenistani, mis on t\u00e4nap\u00e4eval maailma \u00fcks suletumaid ja autoritaarsemaid riike. Et samasse aega sattus ka tema s\u00fcnnip\u00e4ev, on r\u00e4nduri s\u00f5nul puhas juhus \u2013 28. aprillil sai Tiit 61aastaseks.  <\/p>\n","protected":false},"excerpt":{"rendered":"R\u00c4NDUR Tiit Pruuli oma s\u00fcnnip\u00e4eval T\u00fcrkmenistanis. FOTO: Age P\u00f5der\/Erakogu| Erakogu Maailmar\u00e4ndurist ettev\u00f5tja Tiit Pruuli koos abikaasa Marisega on&hellip;\n","protected":false},"author":2,"featured_media":178599,"comment_status":"","ping_status":"","sticky":false,"template":"","format":"standard","meta":{"footnotes":"","_share_on_mastodon":"0"},"categories":[16],"tags":[37,33,35,173,34,36,140,80025,16450],"class_list":["post-178598","post","type-post","status-publish","format-standard","has-post-thumbnail","category-meelelahutus","tag-ee","tag-eesti","tag-eesti-keel","tag-entertainment","tag-estonia","tag-estonian","tag-meelelahutus","tag-tiit-ja-maris-pruuli","tag-tiit-pruuli"],"share_on_mastodon":{"url":"https:\/\/pubeurope.com\/@ee\/116577597414948406","error":""},"_links":{"self":[{"href":"https:\/\/www.europesays.com\/ee\/wp-json\/wp\/v2\/posts\/178598","targetHints":{"allow":["GET"]}}],"collection":[{"href":"https:\/\/www.europesays.com\/ee\/wp-json\/wp\/v2\/posts"}],"about":[{"href":"https:\/\/www.europesays.com\/ee\/wp-json\/wp\/v2\/types\/post"}],"author":[{"embeddable":true,"href":"https:\/\/www.europesays.com\/ee\/wp-json\/wp\/v2\/users\/2"}],"replies":[{"embeddable":true,"href":"https:\/\/www.europesays.com\/ee\/wp-json\/wp\/v2\/comments?post=178598"}],"version-history":[{"count":0,"href":"https:\/\/www.europesays.com\/ee\/wp-json\/wp\/v2\/posts\/178598\/revisions"}],"wp:featuredmedia":[{"embeddable":true,"href":"https:\/\/www.europesays.com\/ee\/wp-json\/wp\/v2\/media\/178599"}],"wp:attachment":[{"href":"https:\/\/www.europesays.com\/ee\/wp-json\/wp\/v2\/media?parent=178598"}],"wp:term":[{"taxonomy":"category","embeddable":true,"href":"https:\/\/www.europesays.com\/ee\/wp-json\/wp\/v2\/categories?post=178598"},{"taxonomy":"post_tag","embeddable":true,"href":"https:\/\/www.europesays.com\/ee\/wp-json\/wp\/v2\/tags?post=178598"}],"curies":[{"name":"wp","href":"https:\/\/api.w.org\/{rel}","templated":true}]}}