{"id":178614,"date":"2026-05-15T08:36:10","date_gmt":"2026-05-15T08:36:10","guid":{"rendered":"https:\/\/www.europesays.com\/ee\/178614\/"},"modified":"2026-05-15T08:36:10","modified_gmt":"2026-05-15T08:36:10","slug":"vaiko-eplik-ma-ei-tahaks-olla-eesti-popi-savisaar-vikerraadio","status":"publish","type":"post","link":"https:\/\/www.europesays.com\/ee\/178614\/","title":{"rendered":"Vaiko Eplik: ma ei tahaks olla Eesti popi Savisaar | Vikerraadio"},"content":{"rendered":"<p>Vaiko Eplik r\u00e4\u00e4kis Vikerraadios, et soovib enne 50-aastaseks saamist oma loomingu sahtlid \u00e4ra korrastada, sest ta ei taha, et seda teeks kunagi keegi teine. Eplik t\u00f5des, et ta ei tahaks olla Eesti popi Savisaar, kes j\u00e4\u00e4ks kultuuriruumi mingisugust pinda okupeerima.<\/p>\n<p>Raadio Tallinn korraldas oma s\u00fcnnip\u00e4eva eel kuulajate hulgas k\u00fcsitluse, mille puhul h\u00e4\u00e4letati kodumaiste kuu plaatide poolt ja Epliku album &#8220;Nelgid&#8221; selle h\u00e4\u00e4letuse p\u00e4ris suure edumaaga v\u00f5itis. Kolmandal kohal oli kuulajate arvates Epliku album &#8220;L\u00e4hen m\u00fc\u00fcjaks&#8221;<\/p>\n<p>&#8220;CD plaate pole paljudel inimestel enam kuskil kuulata. Eesti muusika tehniline teostustase on vahepealsete aastatega v\u00e4ga palju t\u00f5usnud,&#8221; selgitas Eplik, miks ta tegeleb p\u00e4ris palju oma senise loomingu uuesti avaldamisega. &#8220;Lisap\u00f5hjus on ka see, et ma korrastan praegu oma sahtleid. \u00dcle k\u00fcmne aasta on mul t\u00f6\u00f6s kogumik &#8220;Sahtlid&#8221;, mis on j\u00f5udnud masterdamise faasi ja sisaldab 20 aasta jooksul avaldamata instrumentaalmuusikat, mida on ligi kuus tundi.&#8221;<\/p>\n<p>Eplikul on unistus ja ta tahaks enne 50 eluaastat oma sahtlid korda teha. &#8220;Praegu tunnen selle materjaliga veel teatud sidet. Ma ei tahaks, et kunagi teeks seda keegi teine. Unistus on mul ka see, et teha asjad korda, korrastada kataloog ja hakata elama. Mulle meeldib m\u00e4ngida m\u00f5ttega, et korrastaks oma loomingu \u00e4ra ja siis j\u00e4\u00e4b aega elus ka midagi muud proovida. V\u00f5i tegeleda muusikaga natuke rohkem ka r\u00f5\u00f5mu p\u00e4rast, mis on alati olnud ka \u00fcks mu eesm\u00e4rk. Ma ei \u00fctle, et ma l\u00e4hen pensionile, aga mul on m\u00f5ned ideed,&#8221; selgitas Eplik.<\/p>\n<p>&#8220;Mulle ei meeldiks, kui minust saaks igavene laiutaja, kes j\u00e4\u00e4b meie kultuuriruumi mingisugust pinda okupeerima, ma ei tahaks olla Eesti popi Savisaar, tahaksin j\u00e4tta ruumi ka noortele, kellele ma v\u00e4ga kaasa elan,&#8221; t\u00f5des muusik.<\/p>\n<p><img decoding=\"async\" data-photo-id=\"3578539\" src=\"https:\/\/www.europesays.com\/ee\/wp-content\/uploads\/2026\/05\/3578539hd585t24.jpg\"\/>Vaiko Eplik ja Maian K\u00e4rmas Autor\/allikas: Siim L\u00f5vi \/ ERR<\/p>\n","protected":false},"excerpt":{"rendered":"Vaiko Eplik r\u00e4\u00e4kis Vikerraadios, et soovib enne 50-aastaseks saamist oma loomingu sahtlid \u00e4ra korrastada, sest ta ei taha,&hellip;\n","protected":false},"author":2,"featured_media":178615,"comment_status":"","ping_status":"","sticky":false,"template":"","format":"standard","meta":{"footnotes":"","_share_on_mastodon":"0"},"categories":[16],"tags":[37,33,35,173,34,36,80027,140,80026,80028,80029,550],"class_list":["post-178614","post","type-post","status-publish","format-standard","has-post-thumbnail","category-meelelahutus","tag-ee","tag-eesti","tag-eesti-keel","tag-entertainment","tag-estonia","tag-estonian","tag-lahen-muujaks","tag-meelelahutus","tag-nelgid","tag-neljas","tag-raadio-tallinn-kuu-plaat","tag-vaiko-eplik"],"share_on_mastodon":{"url":"https:\/\/pubeurope.com\/@ee\/116577684124121042","error":""},"_links":{"self":[{"href":"https:\/\/www.europesays.com\/ee\/wp-json\/wp\/v2\/posts\/178614","targetHints":{"allow":["GET"]}}],"collection":[{"href":"https:\/\/www.europesays.com\/ee\/wp-json\/wp\/v2\/posts"}],"about":[{"href":"https:\/\/www.europesays.com\/ee\/wp-json\/wp\/v2\/types\/post"}],"author":[{"embeddable":true,"href":"https:\/\/www.europesays.com\/ee\/wp-json\/wp\/v2\/users\/2"}],"replies":[{"embeddable":true,"href":"https:\/\/www.europesays.com\/ee\/wp-json\/wp\/v2\/comments?post=178614"}],"version-history":[{"count":0,"href":"https:\/\/www.europesays.com\/ee\/wp-json\/wp\/v2\/posts\/178614\/revisions"}],"wp:featuredmedia":[{"embeddable":true,"href":"https:\/\/www.europesays.com\/ee\/wp-json\/wp\/v2\/media\/178615"}],"wp:attachment":[{"href":"https:\/\/www.europesays.com\/ee\/wp-json\/wp\/v2\/media?parent=178614"}],"wp:term":[{"taxonomy":"category","embeddable":true,"href":"https:\/\/www.europesays.com\/ee\/wp-json\/wp\/v2\/categories?post=178614"},{"taxonomy":"post_tag","embeddable":true,"href":"https:\/\/www.europesays.com\/ee\/wp-json\/wp\/v2\/tags?post=178614"}],"curies":[{"name":"wp","href":"https:\/\/api.w.org\/{rel}","templated":true}]}}