{"id":178751,"date":"2026-05-15T11:03:08","date_gmt":"2026-05-15T11:03:08","guid":{"rendered":"https:\/\/www.europesays.com\/ee\/178751\/"},"modified":"2026-05-15T11:03:08","modified_gmt":"2026-05-15T11:03:08","slug":"festival-tartu-punch-avalikustas-terve-pohiprogrammi-muusika","status":"publish","type":"post","link":"https:\/\/www.europesays.com\/ee\/178751\/","title":{"rendered":"Festival Tartu Punch avalikustas terve p\u00f5hiprogrammi | Muusika"},"content":{"rendered":"<p>3.\u20134. juulini Tartu laululaval toimuva festivali muusikaprogrammiga liitusid teiste seas Tommy Cash, Rita Ray ning prantsusmaa elektroonilise muusika artist Mezerg.<\/p>\n<p>Lisaks Cashile, Rita Rayle ning Mezergile kuulutati v\u00e4lja ka esinemised artistidelt Sadu, tantsu-pungi ansambel Adult DVD Suurbritanniast, Yasmyn, Soome s\u00fcntpopi duo Pearly Drops, Mihkel Kuusk, Gok2, Fonda, L\u00e4ti jazz-fusion ansambel Eklektika ning Itaalia laulja-laulukirjutaja Juni.<\/p>\n<p>Varem on festivalile v\u00e4lja kuulutatud Rootsi punk-ansambel Viagra Boys, \u00e4sja comeback&#8217;i teinud Eesti popansambel Hu?, briti indie-popi ekstentrik Baxter Dury, briti elektroonilise popi artist Jack Garratt, Eesti-Briti dream-pop b\u00e4nd Night Tapes, Eik, Maria Kallastu, Holy Motors jt.<\/p>\n<p>L\u00e4hiajal avalikustab festival veel DJ-, filmi- ja jutuprogrammid koos eel- ja j\u00e4relpidudega. M\u00f5lemal festivalip\u00e4eval toimuvad Tartu t\u00e4navatel ka tasuta pop-up kontserdid.<\/p>\n","protected":false},"excerpt":{"rendered":"3.\u20134. juulini Tartu laululaval toimuva festivali muusikaprogrammiga liitusid teiste seas Tommy Cash, Rita Ray ning prantsusmaa elektroonilise muusika&hellip;\n","protected":false},"author":2,"featured_media":178752,"comment_status":"","ping_status":"","sticky":false,"template":"","format":"standard","meta":{"footnotes":"","_share_on_mastodon":"0"},"categories":[16],"tags":[37,33,35,173,34,36,140,80071,23438,55870,242],"class_list":["post-178751","post","type-post","status-publish","format-standard","has-post-thumbnail","category-meelelahutus","tag-ee","tag-eesti","tag-eesti-keel","tag-entertainment","tag-estonia","tag-estonian","tag-meelelahutus","tag-mezerg","tag-rita-ray","tag-tartu-punch","tag-tommy-cash"],"share_on_mastodon":{"url":"https:\/\/pubeurope.com\/@ee\/116578261734867062","error":""},"_links":{"self":[{"href":"https:\/\/www.europesays.com\/ee\/wp-json\/wp\/v2\/posts\/178751","targetHints":{"allow":["GET"]}}],"collection":[{"href":"https:\/\/www.europesays.com\/ee\/wp-json\/wp\/v2\/posts"}],"about":[{"href":"https:\/\/www.europesays.com\/ee\/wp-json\/wp\/v2\/types\/post"}],"author":[{"embeddable":true,"href":"https:\/\/www.europesays.com\/ee\/wp-json\/wp\/v2\/users\/2"}],"replies":[{"embeddable":true,"href":"https:\/\/www.europesays.com\/ee\/wp-json\/wp\/v2\/comments?post=178751"}],"version-history":[{"count":0,"href":"https:\/\/www.europesays.com\/ee\/wp-json\/wp\/v2\/posts\/178751\/revisions"}],"wp:featuredmedia":[{"embeddable":true,"href":"https:\/\/www.europesays.com\/ee\/wp-json\/wp\/v2\/media\/178752"}],"wp:attachment":[{"href":"https:\/\/www.europesays.com\/ee\/wp-json\/wp\/v2\/media?parent=178751"}],"wp:term":[{"taxonomy":"category","embeddable":true,"href":"https:\/\/www.europesays.com\/ee\/wp-json\/wp\/v2\/categories?post=178751"},{"taxonomy":"post_tag","embeddable":true,"href":"https:\/\/www.europesays.com\/ee\/wp-json\/wp\/v2\/tags?post=178751"}],"curies":[{"name":"wp","href":"https:\/\/api.w.org\/{rel}","templated":true}]}}