{"id":178804,"date":"2026-05-15T12:10:10","date_gmt":"2026-05-15T12:10:10","guid":{"rendered":"https:\/\/www.europesays.com\/ee\/178804\/"},"modified":"2026-05-15T12:10:10","modified_gmt":"2026-05-15T12:10:10","slug":"peatreener-bogetveit-eitab-tuli-koondisest-valja-jaetud-taliharmaga-saime-omavahel-hasti-labi","status":"publish","type":"post","link":"https:\/\/www.europesays.com\/ee\/178804\/","title":{"rendered":"Peatreener Bogetveit eitab t\u00fcli koondisest v\u00e4lja j\u00e4etud Talih\u00e4rmaga: saime omavahel h\u00e4sti l\u00e4bi"},"content":{"rendered":"<p>Teisip\u00e4eval selgus, et Talih\u00e4rm pole uuel hooajal A-koondise ettevalmistusprogrammi kaasatud. Naistest teenisid koondises koha Susan K\u00fclm, Regina Ermits, Kretel Kaljum\u00e4e ja Emma-Roberta Rajando ning meestest Kristo Siimer, Rene Zahkna, Jakob Kulbin, Mark-Markos Kehva, Mehis Udam ja Yaroslav Neverov. Koondis pandi kokku treenerite ja alaliidu \u00fchisel otsusel.<\/p>\n<p>Talih\u00e4rm oli laskesuusaliidu otsuses pettunud. Ta avaldas Delfile, et soovinuks koondiset\u00f6\u00f6s osaleda. \u201eOn selge, et mulle ei kehti samad reeglid. Viimasel ajal on nii palju juttu olnud sellest, et tippspordis loeb ainult tulemus. Ilmselgelt ei loe. V\u00e4hemalt meie alal,\u201c \u00fctles ta Delfile.<\/p>\n<p>Oled juba tellija?Logi sisse<\/p>\n<p><a href=\"https:\/\/sport.delfi.ee\/artikkel\/120584062\/peatreener-bogetveit-taliharma-koondisest-valjajatmisest-ta-ei-saa-aru-miks-meie-otsus-on-selline\/kommentaarid\" class=\"article-body-bottom__comment article-body-bottom__comment--write button button--primary button--size-auto\" rel=\"nofollow noopener\" target=\"_blank\"> Kommenteeri <\/a><a href=\"https:\/\/sport.delfi.ee\/artikkel\/120584062\/peatreener-bogetveit-taliharma-koondisest-valjajatmisest-ta-ei-saa-aru-miks-meie-otsus-on-selline\/kommentaarid\" class=\"article-body-bottom__comment article-body-bottom__comment--read button button--size-auto\" rel=\"nofollow noopener\" target=\"_blank\"> Loe kommentaare (13)<\/a><\/p>\n","protected":false},"excerpt":{"rendered":"Teisip\u00e4eval selgus, et Talih\u00e4rm pole uuel hooajal A-koondise ettevalmistusprogrammi kaasatud. Naistest teenisid koondises koha Susan K\u00fclm, Regina Ermits,&hellip;\n","protected":false},"author":2,"featured_media":178805,"comment_status":"","ping_status":"","sticky":false,"template":"","format":"standard","meta":{"footnotes":"","_share_on_mastodon":"0"},"categories":[18],"tags":[37,33,35,21180,34,36,22376,20894,1316,159,158],"class_list":["post-178804","post","type-post","status-publish","format-standard","has-post-thumbnail","category-sport","tag-ee","tag-eesti","tag-eesti-keel","tag-eesti-laskesuusakoondis","tag-estonia","tag-estonian","tag-havard-gutubo-bogetveit","tag-johanna-taliharm","tag-otepaa","tag-sport","tag-sports"],"share_on_mastodon":{"url":"https:\/\/pubeurope.com\/@ee\/116578525198624461","error":""},"_links":{"self":[{"href":"https:\/\/www.europesays.com\/ee\/wp-json\/wp\/v2\/posts\/178804","targetHints":{"allow":["GET"]}}],"collection":[{"href":"https:\/\/www.europesays.com\/ee\/wp-json\/wp\/v2\/posts"}],"about":[{"href":"https:\/\/www.europesays.com\/ee\/wp-json\/wp\/v2\/types\/post"}],"author":[{"embeddable":true,"href":"https:\/\/www.europesays.com\/ee\/wp-json\/wp\/v2\/users\/2"}],"replies":[{"embeddable":true,"href":"https:\/\/www.europesays.com\/ee\/wp-json\/wp\/v2\/comments?post=178804"}],"version-history":[{"count":0,"href":"https:\/\/www.europesays.com\/ee\/wp-json\/wp\/v2\/posts\/178804\/revisions"}],"wp:featuredmedia":[{"embeddable":true,"href":"https:\/\/www.europesays.com\/ee\/wp-json\/wp\/v2\/media\/178805"}],"wp:attachment":[{"href":"https:\/\/www.europesays.com\/ee\/wp-json\/wp\/v2\/media?parent=178804"}],"wp:term":[{"taxonomy":"category","embeddable":true,"href":"https:\/\/www.europesays.com\/ee\/wp-json\/wp\/v2\/categories?post=178804"},{"taxonomy":"post_tag","embeddable":true,"href":"https:\/\/www.europesays.com\/ee\/wp-json\/wp\/v2\/tags?post=178804"}],"curies":[{"name":"wp","href":"https:\/\/api.w.org\/{rel}","templated":true}]}}