{"id":178962,"date":"2026-05-15T16:12:10","date_gmt":"2026-05-15T16:12:10","guid":{"rendered":"https:\/\/www.europesays.com\/ee\/178962\/"},"modified":"2026-05-15T16:12:10","modified_gmt":"2026-05-15T16:12:10","slug":"2009-aastast-saadik-klubis-manginud-evertoni-kapten-teatas-lopetamisest-soccernet-ee","status":"publish","type":"post","link":"https:\/\/www.europesays.com\/ee\/178962\/","title":{"rendered":"2009. aastast saadik klubis m\u00e4nginud Evertoni kapten teatas l\u00f5petamisest &#8211; Soccernet.ee"},"content":{"rendered":"<p><img decoding=\"async\" src=\"https:\/\/www.europesays.com\/ee\/wp-content\/uploads\/2026\/05\/1778844219.jpg\" alt=\"Seamus Coleman. Foto: Scanpix \/ Jon Super \/ AP Photo\"\/>&#13;\n<\/p>\n<p>Evertoni kapten Seamus Coleman (37) teatas, et l\u00f5ppev hooaeg j\u00e4\u00e4b talle klubis m\u00e4ngijana viimaseks. Ta on m\u00e4nginud Evertonis juba 2009. aastast ja kandnud kaptenipaela 2019. aastast saadik.<\/p>\n<p>Iirimaa koondise paremkaitsja Coleman liitus Evertoniga Sligo Roversist 2009. aasta jaanuaris k\u00f5igest 60 000 naela (umbes 69 000 euro) eest. Ta on pidanud praeguse koduklubi s\u00e4rgis Premier League&#8217;is 372 m\u00e4ngu, l\u00f6\u00f6nud 22 v\u00e4ravat ja andnud 24 resultatiivset s\u00f6\u00f6tu, vahendab BBC.&#13;\n<\/p>\n<p>Viimastel aastatel on Colemani seganud vigastused. K\u00e4imasoleval hooajal on ta jooksnud platsile vaid kolmes liigam\u00e4ngus, kusjuures ainsa p\u00f5hikoosseisum\u00e4ngu (novembris Manchester Unitedi vastu) l\u00f5petas trauma juba k\u00fcmnendal minutil.&#13;\n<\/p>\n<p>Colemanile on pakutud Evertonis treenerit\u00f6\u00f6d, kuid ta \u00fctles, et teeb tuleviku kohta otsuse suvel.<\/p>\n","protected":false},"excerpt":{"rendered":"&#13; Evertoni kapten Seamus Coleman (37) teatas, et l\u00f5ppev hooaeg j\u00e4\u00e4b talle klubis m\u00e4ngijana viimaseks. Ta on m\u00e4nginud&hellip;\n","protected":false},"author":2,"featured_media":178963,"comment_status":"","ping_status":"","sticky":false,"template":"","format":"standard","meta":{"footnotes":"","_share_on_mastodon":"0"},"categories":[18],"tags":[80114,37,33,35,34,36,802,806,808,80115,159,158],"class_list":["post-178962","post","type-post","status-publish","format-standard","has-post-thumbnail","category-sport","tag-coleman","tag-ee","tag-eesti","tag-eesti-keel","tag-estonia","tag-estonian","tag-everton","tag-inglismaa-korgliiga","tag-premier-league","tag-seamus-coleman","tag-sport","tag-sports"],"share_on_mastodon":{"url":"https:\/\/pubeurope.com\/@ee\/116579476938618407","error":""},"_links":{"self":[{"href":"https:\/\/www.europesays.com\/ee\/wp-json\/wp\/v2\/posts\/178962","targetHints":{"allow":["GET"]}}],"collection":[{"href":"https:\/\/www.europesays.com\/ee\/wp-json\/wp\/v2\/posts"}],"about":[{"href":"https:\/\/www.europesays.com\/ee\/wp-json\/wp\/v2\/types\/post"}],"author":[{"embeddable":true,"href":"https:\/\/www.europesays.com\/ee\/wp-json\/wp\/v2\/users\/2"}],"replies":[{"embeddable":true,"href":"https:\/\/www.europesays.com\/ee\/wp-json\/wp\/v2\/comments?post=178962"}],"version-history":[{"count":0,"href":"https:\/\/www.europesays.com\/ee\/wp-json\/wp\/v2\/posts\/178962\/revisions"}],"wp:featuredmedia":[{"embeddable":true,"href":"https:\/\/www.europesays.com\/ee\/wp-json\/wp\/v2\/media\/178963"}],"wp:attachment":[{"href":"https:\/\/www.europesays.com\/ee\/wp-json\/wp\/v2\/media?parent=178962"}],"wp:term":[{"taxonomy":"category","embeddable":true,"href":"https:\/\/www.europesays.com\/ee\/wp-json\/wp\/v2\/categories?post=178962"},{"taxonomy":"post_tag","embeddable":true,"href":"https:\/\/www.europesays.com\/ee\/wp-json\/wp\/v2\/tags?post=178962"}],"curies":[{"name":"wp","href":"https:\/\/api.w.org\/{rel}","templated":true}]}}