{"id":179319,"date":"2026-05-16T07:29:08","date_gmt":"2026-05-16T07:29:08","guid":{"rendered":"https:\/\/www.europesays.com\/ee\/179319\/"},"modified":"2026-05-16T07:29:08","modified_gmt":"2026-05-16T07:29:08","slug":"derek-leheste-meenutas-kuidas-sai-rolli-filmis-frank-otsiti-poisse-kes-oskaksid-sillalt-alla-sulitada-ja-kive-loopida","status":"publish","type":"post","link":"https:\/\/www.europesays.com\/ee\/179319\/","title":{"rendered":"Derek Leheste meenutas, kuidas sai rolli filmis \u201eFr\u00e4nk\u201c: otsiti poisse, kes oskaksid sillalt alla s\u00fclitada ja kive loopida"},"content":{"rendered":"<p>Hundipilguga Paul noortefilmis \u201eFr\u00e4nk\u201c on oma olemuselt t\u00e4ielikus vastuolus tagasihoidliku loomuga Derek Lehestega (17). \u201eFr\u00e4nkis\u201c m\u00e4ngib Derek katkisest perest p\u00e4rit Pauli, kes perev\u00e4givalla t\u00f5ttu sugulase hoole alla alevisse elama satub. <\/p>\n<p>Dereki lapsep\u00f5lv aga oli pilvitu. Ta kasvas \u00fchtehoidvas peres Viimsis. Lasteaialapsena j\u00e4ljendas n\u00e4iteks m\u00e4ngufilmide \u201eKevade\u201c ja \u201eSuvi\u201c tegelasi ja need filmikatsetused on j\u00e4\u00e4dvustatud ka videotena.<\/p>\n<p>Oled juba tellija?Logi sisse<\/p>\n","protected":false},"excerpt":{"rendered":"Hundipilguga Paul noortefilmis \u201eFr\u00e4nk\u201c on oma olemuselt t\u00e4ielikus vastuolus tagasihoidliku loomuga Derek Lehestega (17). \u201eFr\u00e4nkis\u201c m\u00e4ngib Derek katkisest&hellip;\n","protected":false},"author":2,"featured_media":179320,"comment_status":"","ping_status":"","sticky":false,"template":"","format":"standard","meta":{"footnotes":"","_share_on_mastodon":"0"},"categories":[12],"tags":[26,27,8468,37,33,35,34,36,31,32,8467,21,28,29,19,25,8466,23,24,22,20,30],"class_list":["post-179319","post","type-post","status-publish","format-standard","has-post-thumbnail","category-eesti","tag-breaking-news","tag-breakingnews","tag-derek-leheste","tag-ee","tag-eesti","tag-eesti-keel","tag-estonia","tag-estonian","tag-featured-news","tag-featurednews","tag-frank","tag-headlines","tag-latest-news","tag-latestnews","tag-news","tag-populaarseimad-lood","tag-tonis-pill","tag-top-stories","tag-topstories","tag-uldised-uudised","tag-uudised","tag-viimased-uudised"],"share_on_mastodon":{"url":"https:\/\/pubeurope.com\/@ee\/116583082570817085","error":""},"_links":{"self":[{"href":"https:\/\/www.europesays.com\/ee\/wp-json\/wp\/v2\/posts\/179319","targetHints":{"allow":["GET"]}}],"collection":[{"href":"https:\/\/www.europesays.com\/ee\/wp-json\/wp\/v2\/posts"}],"about":[{"href":"https:\/\/www.europesays.com\/ee\/wp-json\/wp\/v2\/types\/post"}],"author":[{"embeddable":true,"href":"https:\/\/www.europesays.com\/ee\/wp-json\/wp\/v2\/users\/2"}],"replies":[{"embeddable":true,"href":"https:\/\/www.europesays.com\/ee\/wp-json\/wp\/v2\/comments?post=179319"}],"version-history":[{"count":0,"href":"https:\/\/www.europesays.com\/ee\/wp-json\/wp\/v2\/posts\/179319\/revisions"}],"wp:featuredmedia":[{"embeddable":true,"href":"https:\/\/www.europesays.com\/ee\/wp-json\/wp\/v2\/media\/179320"}],"wp:attachment":[{"href":"https:\/\/www.europesays.com\/ee\/wp-json\/wp\/v2\/media?parent=179319"}],"wp:term":[{"taxonomy":"category","embeddable":true,"href":"https:\/\/www.europesays.com\/ee\/wp-json\/wp\/v2\/categories?post=179319"},{"taxonomy":"post_tag","embeddable":true,"href":"https:\/\/www.europesays.com\/ee\/wp-json\/wp\/v2\/tags?post=179319"}],"curies":[{"name":"wp","href":"https:\/\/api.w.org\/{rel}","templated":true}]}}