{"id":17961,"date":"2025-10-12T16:33:08","date_gmt":"2025-10-12T16:33:08","guid":{"rendered":"https:\/\/www.europesays.com\/ee\/17961\/"},"modified":"2025-10-12T16:33:08","modified_gmt":"2025-10-12T16:33:08","slug":"video-robert-rooba-sai-voidumangus-kirja-kaks-resultatiivsuspunkti","status":"publish","type":"post","link":"https:\/\/www.europesays.com\/ee\/17961\/","title":{"rendered":"VIDEO | Robert Rooba sai v\u00f5idum\u00e4ngus kirja kaks resultatiivsuspunkti"},"content":{"rendered":"<p>Eesti koondise kapten alustas kohtumist esimese viisiku vasak\u00e4\u00e4rena ning ta oli j\u00e4\u00e4l ligi 19 minuti. Rooba j\u00e4ttis m\u00e4rgi maha, sest tegi eelt\u00f6\u00f6 nii 2:0 kui ka 3:0 v\u00e4ravale. KooKoo on 13 m\u00e4ngus kogunud 22 punkti, millega nad on 16 meeskonna seas neljandal kohal.<\/p>\n<p>Rooba on kuraditosinas m\u00e4ngus saanud kirja kolm v\u00e4ravat ja seitse s\u00f6\u00f6tu. K\u00fcmne resultatiivsuspunktiga on ta KooKoo parim m\u00e4ngija ning Soome k\u00f5rgliigas tervikuna paremuselt 30. mees.<\/p>\n<p>Eesti koondislaste David Timofejevi ja Kristjan Kombe t\u00f6\u00f6andja KalPa alistas 2:1 K-Espoo, ent kumbki meestest koosseisus polnud. Kuopio klubi hoiab liigas k\u00fcmnendat kohta.<\/p>\n<p>      Kuidas see lugu Sind end tundma pani?<br \/>\n        Saada<br \/>\n           <a href=\"https:\/\/sport.delfi.ee\/artikkel\/120409815\/video-robert-rooba-sai-voidumangus-kirja-kaks-resultatiivsuspunkti\/kommentaarid\" class=\"article-body-bottom__comment article-body-bottom__comment--write button button--primary button--size-auto\" rel=\"nofollow noopener\" target=\"_blank\"><br \/>\n        Kommenteeri<br \/>\n       <\/a> <a href=\"https:\/\/sport.delfi.ee\/artikkel\/120409815\/video-robert-rooba-sai-voidumangus-kirja-kaks-resultatiivsuspunkti\/kommentaarid\" class=\"article-body-bottom__comment article-body-bottom__comment--read button button--size-auto\" rel=\"nofollow noopener\" target=\"_blank\"><br \/>\n        Loe kommentaare  <\/a>  <\/p>\n","protected":false},"excerpt":{"rendered":"Eesti koondise kapten alustas kohtumist esimese viisiku vasak\u00e4\u00e4rena ning ta oli j\u00e4\u00e4l ligi 19 minuti. Rooba j\u00e4ttis m\u00e4rgi&hellip;\n","protected":false},"author":2,"featured_media":17962,"comment_status":"","ping_status":"","sticky":false,"template":"","format":"standard","meta":{"footnotes":""},"categories":[5],"tags":[26,27,37,33,35,34,36,31,32,21,28,29,19,25,3927,23,24,22,20,30],"class_list":{"0":"post-17961","1":"post","2":"type-post","3":"status-publish","4":"format-standard","5":"has-post-thumbnail","7":"category-uldised-uudised","8":"tag-breaking-news","9":"tag-breakingnews","10":"tag-ee","11":"tag-eesti","12":"tag-eesti-keel","13":"tag-estonia","14":"tag-estonian","15":"tag-featured-news","16":"tag-featurednews","17":"tag-headlines","18":"tag-latest-news","19":"tag-latestnews","20":"tag-news","21":"tag-populaarseimad-lood","22":"tag-robert-rooba","23":"tag-top-stories","24":"tag-topstories","25":"tag-uldised-uudised","26":"tag-uudised","27":"tag-viimased-uudised"},"share_on_mastodon":{"url":"","error":""},"_links":{"self":[{"href":"https:\/\/www.europesays.com\/ee\/wp-json\/wp\/v2\/posts\/17961","targetHints":{"allow":["GET"]}}],"collection":[{"href":"https:\/\/www.europesays.com\/ee\/wp-json\/wp\/v2\/posts"}],"about":[{"href":"https:\/\/www.europesays.com\/ee\/wp-json\/wp\/v2\/types\/post"}],"author":[{"embeddable":true,"href":"https:\/\/www.europesays.com\/ee\/wp-json\/wp\/v2\/users\/2"}],"replies":[{"embeddable":true,"href":"https:\/\/www.europesays.com\/ee\/wp-json\/wp\/v2\/comments?post=17961"}],"version-history":[{"count":0,"href":"https:\/\/www.europesays.com\/ee\/wp-json\/wp\/v2\/posts\/17961\/revisions"}],"wp:featuredmedia":[{"embeddable":true,"href":"https:\/\/www.europesays.com\/ee\/wp-json\/wp\/v2\/media\/17962"}],"wp:attachment":[{"href":"https:\/\/www.europesays.com\/ee\/wp-json\/wp\/v2\/media?parent=17961"}],"wp:term":[{"taxonomy":"category","embeddable":true,"href":"https:\/\/www.europesays.com\/ee\/wp-json\/wp\/v2\/categories?post=17961"},{"taxonomy":"post_tag","embeddable":true,"href":"https:\/\/www.europesays.com\/ee\/wp-json\/wp\/v2\/tags?post=17961"}],"curies":[{"name":"wp","href":"https:\/\/api.w.org\/{rel}","templated":true}]}}