{"id":179880,"date":"2026-05-17T04:42:10","date_gmt":"2026-05-17T04:42:10","guid":{"rendered":"https:\/\/www.europesays.com\/ee\/179880\/"},"modified":"2026-05-17T04:42:10","modified_gmt":"2026-05-17T04:42:10","slug":"tana-delfi-tv-s-kas-taltech-alexela-kindlustab-kodusaalis-pronksmedali-voi-pikendab-transcom-parnu-seeriat","status":"publish","type":"post","link":"https:\/\/www.europesays.com\/ee\/179880\/","title":{"rendered":"T\u00c4NA DELFI TV-s | Kas TalTech\/Alexela kindlustab kodusaalis pronksmedali v\u00f5i pikendab Transcom P\u00e4rnu seeriat?"},"content":{"rendered":"<p>Kolme v\u00f5iduni peetav pronksiseeriat juhib 2:0 TalTech, kes esimeses kohtumises tuli v\u00e4lja 20-punktilisest kaotusseisust ning v\u00f5itis lisaajal P\u00e4rnut 88:85. Selles kohtumises said vigastada P\u00e4rnu \u00e4\u00e4rem\u00e4ngijad Aleksander Oliver Hint ja Daniel Johansson, kes teises m\u00e4ngus kaasa ei teinud. Teises kohtumises oli TalTech parem 79:72.<\/p>\n<p>TalTech\/Alexela kapteni <a rel=\"noopener nofollow\" target=\"_blank\" href=\"https:\/\/www.delfi.ee\/teema\/65232074\/oliver-metsalu\" data-rel-date-range=\"[]\">Oliver Metsalu<\/a> m\u00e4ngueelne kommentaar: \u201ePeame olema m\u00f5lemal pool v\u00e4ljakul fookuses ja agressiivsed. Tule palun saali ja aita meeskonnal pikk medalip\u00f5ud l\u00f5petada!\u201c<\/p>\n<p>TalTechi v\u00f5idu korral kuulub neile t\u00e4navuse hooaja Eesti meistriv\u00f5istluste pronksmedal. Kui P\u00e4rnu peaks t\u00e4na TalTechi v\u00f5itma, siis toimub neljas kohtumine teisip\u00e4eval P\u00e4rnus ning vajadusel viies m\u00e4ng neljap\u00e4eval Tallinnas. <\/p>\n<p>Oled juba tellija?Logi sisse<\/p>\n<p><a href=\"https:\/\/sport.delfi.ee\/a\/120584298\/tana-delfi-tv-s-kas-taltechalexela-kindlustab-kodusaalis-pronksmedali-voi-pikendab-transcom-parnu-seeriat\/kommentaarid\" class=\"article-body-bottom__comment article-body-bottom__comment--write button button--primary button--size-auto\" rel=\"nofollow noopener\" target=\"_blank\"> Kommenteeri <\/a><a href=\"https:\/\/sport.delfi.ee\/a\/120584298\/tana-delfi-tv-s-kas-taltechalexela-kindlustab-kodusaalis-pronksmedali-voi-pikendab-transcom-parnu-seeriat\/kommentaarid\" class=\"article-body-bottom__comment article-body-bottom__comment--read button button--size-auto\" rel=\"nofollow noopener\" target=\"_blank\"> Loe kommentaare <\/a><\/p>\n","protected":false},"excerpt":{"rendered":"Kolme v\u00f5iduni peetav pronksiseeriat juhib 2:0 TalTech, kes esimeses kohtumises tuli v\u00e4lja 20-punktilisest kaotusseisust ning v\u00f5itis lisaajal P\u00e4rnut&hellip;\n","protected":false},"author":2,"featured_media":179881,"comment_status":"","ping_status":"","sticky":false,"template":"","format":"standard","meta":{"footnotes":"","_share_on_mastodon":"0"},"categories":[18],"tags":[37,33,35,34,36,7945,159,158,3029,3511],"class_list":["post-179880","post","type-post","status-publish","format-standard","has-post-thumbnail","category-sport","tag-ee","tag-eesti","tag-eesti-keel","tag-estonia","tag-estonian","tag-oliver-metsalu","tag-sport","tag-sports","tag-taltech-alexela","tag-transcom-parnu"],"share_on_mastodon":{"url":"https:\/\/pubeurope.com\/@ee\/116588088117159747","error":""},"_links":{"self":[{"href":"https:\/\/www.europesays.com\/ee\/wp-json\/wp\/v2\/posts\/179880","targetHints":{"allow":["GET"]}}],"collection":[{"href":"https:\/\/www.europesays.com\/ee\/wp-json\/wp\/v2\/posts"}],"about":[{"href":"https:\/\/www.europesays.com\/ee\/wp-json\/wp\/v2\/types\/post"}],"author":[{"embeddable":true,"href":"https:\/\/www.europesays.com\/ee\/wp-json\/wp\/v2\/users\/2"}],"replies":[{"embeddable":true,"href":"https:\/\/www.europesays.com\/ee\/wp-json\/wp\/v2\/comments?post=179880"}],"version-history":[{"count":0,"href":"https:\/\/www.europesays.com\/ee\/wp-json\/wp\/v2\/posts\/179880\/revisions"}],"wp:featuredmedia":[{"embeddable":true,"href":"https:\/\/www.europesays.com\/ee\/wp-json\/wp\/v2\/media\/179881"}],"wp:attachment":[{"href":"https:\/\/www.europesays.com\/ee\/wp-json\/wp\/v2\/media?parent=179880"}],"wp:term":[{"taxonomy":"category","embeddable":true,"href":"https:\/\/www.europesays.com\/ee\/wp-json\/wp\/v2\/categories?post=179880"},{"taxonomy":"post_tag","embeddable":true,"href":"https:\/\/www.europesays.com\/ee\/wp-json\/wp\/v2\/tags?post=179880"}],"curies":[{"name":"wp","href":"https:\/\/api.w.org\/{rel}","templated":true}]}}