{"id":179916,"date":"2026-05-17T05:52:08","date_gmt":"2026-05-17T05:52:08","guid":{"rendered":"https:\/\/www.europesays.com\/ee\/179916\/"},"modified":"2026-05-17T05:52:08","modified_gmt":"2026-05-17T05:52:08","slug":"sinner-jahib-roomas-teist-jarjestikust-karikat-tennis","status":"publish","type":"post","link":"https:\/\/www.europesays.com\/ee\/179916\/","title":{"rendered":"Sinner jahib Roomas teist j\u00e4rjestikust karikat | Tennis"},"content":{"rendered":"<p>Meeste tennise esireket Jannik Sinner l\u00f5petas Roomas toimuval Masters-sarja turniiril vihma t\u00f5ttu pausile pandud poolfinaali Daniil Medvedevi (ATP 9.) vastu ning kohtub finaalis Casper Ruudiga (ATP 25.).<\/p>\n<p>Reedel alanud poolfinaal <a href=\"https:\/\/sport.err.ee\/1610025325\/vihm-pani-esmakordselt-seti-kaotanud-sinneri-poolfinaali-pausile\" target=\"_blank\" rel=\"noopener nofollow\">pandi kolmandas setis pausile<\/a>, kuna Itaalia pealinnas hakkas vihma sadama. Sinner oli selleks hetkeks ees 6:2, 5:7, 4:2, aga Medvedev v\u00f5ttis laup\u00e4eval taasalanud m\u00e4ngus kohe geimiv\u00f5idu. Sinner vastas omakorda ning sai seej\u00e4rel kaks mat\u0161palli, aga venelane t\u00f5rjus m\u00f5lemad ja j\u00f5udis taas geimi kaugusele. Maailma esireket aga ei v\u00e4\u00e4ratanud ning vormistas j\u00e4rgmises geimis 6:4 v\u00f5idu.<\/p>\n<p>&#8220;See oli teistsugune v\u00e4ljakutse. Tavaliselt ei ole mul unega probleeme, aga sel korral ei olnud \u00fcldse lihtne. Oled kolmandas setis, mat\u0161 on peaaegu l\u00e4bi, aga siis pead ikka uuesti kohale tulema. Sa ei tea kunagi, kuidas siis l\u00e4heb,&#8221; r\u00e4\u00e4kis itaallane. &#8220;Sama pinge nagu mat\u0161i alguses. Aga olen \u00f5nnelik selle \u00fcle, kuidas ma olukorraga toime tulin ja j\u00e4lle finaali p\u00e4\u00e4sesin.&#8221;<\/p>\n<p>Sinner kohtub finaalis norralase Casper Ruudiga, kes alistas teises poolfinaalis itaallase Luciano Darderi kindlalt 6:1, 6:1.<\/p>\n<p>Kui Sinner peaks finaalis norralase alistama, lisaks ta oma uhkesse auhinnakappi viimase puuduoleva Masters-sarja karika. Ainult Novak Djokovic on v\u00f5itnud k\u00f5ik \u00fcheksa Masters-sarja turniiri. Lisaks saaks Sinnerist esimene itaallane alates Adriano Panattast 1976. aastal, kes Rooma turniiril v\u00f5idutsenud.<\/p>\n<p>Finaal toimub p\u00fchap\u00e4eva \u00f5htupoolikul.<\/p>\n","protected":false},"excerpt":{"rendered":"Meeste tennise esireket Jannik Sinner l\u00f5petas Roomas toimuval Masters-sarja turniiril vihma t\u00f5ttu pausile pandud poolfinaali Daniil Medvedevi (ATP&hellip;\n","protected":false},"author":2,"featured_media":179917,"comment_status":"","ping_status":"","sticky":false,"template":"","format":"standard","meta":{"footnotes":"","_share_on_mastodon":"0"},"categories":[5],"tags":[26,27,13138,37,33,35,34,36,31,32,21,6291,28,29,19,25,23,24,22,20,30],"class_list":["post-179916","post","type-post","status-publish","format-standard","has-post-thumbnail","category-uldised-uudised","tag-breaking-news","tag-breakingnews","tag-casper-ruud","tag-ee","tag-eesti","tag-eesti-keel","tag-estonia","tag-estonian","tag-featured-news","tag-featurednews","tag-headlines","tag-jannik-sinner","tag-latest-news","tag-latestnews","tag-news","tag-populaarseimad-lood","tag-top-stories","tag-topstories","tag-uldised-uudised","tag-uudised","tag-viimased-uudised"],"share_on_mastodon":{"url":"https:\/\/pubeurope.com\/@ee\/116588363380174137","error":""},"_links":{"self":[{"href":"https:\/\/www.europesays.com\/ee\/wp-json\/wp\/v2\/posts\/179916","targetHints":{"allow":["GET"]}}],"collection":[{"href":"https:\/\/www.europesays.com\/ee\/wp-json\/wp\/v2\/posts"}],"about":[{"href":"https:\/\/www.europesays.com\/ee\/wp-json\/wp\/v2\/types\/post"}],"author":[{"embeddable":true,"href":"https:\/\/www.europesays.com\/ee\/wp-json\/wp\/v2\/users\/2"}],"replies":[{"embeddable":true,"href":"https:\/\/www.europesays.com\/ee\/wp-json\/wp\/v2\/comments?post=179916"}],"version-history":[{"count":0,"href":"https:\/\/www.europesays.com\/ee\/wp-json\/wp\/v2\/posts\/179916\/revisions"}],"wp:featuredmedia":[{"embeddable":true,"href":"https:\/\/www.europesays.com\/ee\/wp-json\/wp\/v2\/media\/179917"}],"wp:attachment":[{"href":"https:\/\/www.europesays.com\/ee\/wp-json\/wp\/v2\/media?parent=179916"}],"wp:term":[{"taxonomy":"category","embeddable":true,"href":"https:\/\/www.europesays.com\/ee\/wp-json\/wp\/v2\/categories?post=179916"},{"taxonomy":"post_tag","embeddable":true,"href":"https:\/\/www.europesays.com\/ee\/wp-json\/wp\/v2\/tags?post=179916"}],"curies":[{"name":"wp","href":"https:\/\/api.w.org\/{rel}","templated":true}]}}