{"id":180108,"date":"2026-05-17T11:07:09","date_gmt":"2026-05-17T11:07:09","guid":{"rendered":"https:\/\/www.europesays.com\/ee\/180108\/"},"modified":"2026-05-17T11:07:09","modified_gmt":"2026-05-17T11:07:09","slug":"malutreener-tauri-tallermaa-arge-end-esmakohtumisel-esimese-kumne-sekundi-jooksul-tutvustage-hommik-anuga","status":"publish","type":"post","link":"https:\/\/www.europesays.com\/ee\/180108\/","title":{"rendered":"M\u00e4lutreener Tauri Tallermaa: \u00e4rge end esmakohtumisel esimese k\u00fcmne sekundi jooksul tutvustage | Hommik Anuga"},"content":{"rendered":"<p>M\u00e4lutreener ja koolitaja Tauri Tallermaa \u00fctles saates &#8220;Hommik Anuga&#8221;, et inimestel on tihtipeale raskuseid nimede meelde j\u00e4tmisega, kuid ei tohiks karta nime \u00fcle k\u00fcsida.<\/p>\n<p>Tallermaa r\u00f5hutas, et meelde j\u00e4tmiseks pead sa vaeva n\u00e4gema. &#8220;Nimi on \u00fcks suuremaid muresid inimestel \u00fcldse, me kohtume esimesel hetkel ja \u00fctleme kohe oma nime, aga tegelikkuses, kui sa hakkad v\u00f5tma inimese aju t\u00f6\u00f6d, siis tema ei taha nime, tema jaoks ei ole nime vaja, vaid tal on vaja teada, kas see inimene on tore, meeldiv, ohtlik, liiga aktiivne, agressiivne,&#8221; \u00fctles ta ja lisas, et tema soovitab end esimese k\u00fcmne sekundi jooksul mitte tutvustada. &#8220;Teie aju ei ole selleks valmis.&#8221;<\/p>\n<p>&#8220;\u00dcks t\u00fc\u00fcpilisi hirme on ka nime \u00fcle\u00fctlemine, aga k\u00fcsi \u00fcle, meile tegelikult meeldib, kui seda uuesti k\u00fcsitakse,&#8221; nentis ta ja lisas, et inimestel on hirm hiljem ka kellelegi vale nimi \u00f6elda. &#8220;Siis sa loobudki ja ei hakka \u00fcldse nime meelde j\u00e4tma.&#8221;<\/p>\n<p><img decoding=\"async\" data-photo-id=\"3582082\" src=\"https:\/\/www.europesays.com\/ee\/wp-content\/uploads\/2026\/05\/3582082h6eebt24.jpg\"\/>&#8220;Hommik Anuga&#8221; Autor\/allikas: Ken M\u00fcrk\/ERR<\/p>\n<p>&#8220;Mul on 24 aastast m\u00e4lutreeneri kogemust, aga ma ei ole teadlane, ma ei loo teooriaid ja ei t\u00f5esta neid, ma v\u00e4ga austan Jaan Aru, Marju Lauristini ja v\u00e4lismaalaseid, soome teadlastel on ka uuring, mis \u00fctleb seda, et meie laps peab olema parem, naabrist parem, teistest lastest parem, aga uuringud n\u00e4itavad, et mida varem me survestame last \u00f5ppima lugema ja kirjutama, seda suurem t\u00f5en\u00e4osust on tal p\u00f5deda teisemeeas depressiooni,&#8221; s\u00f5nas ta.<\/p>\n<p>Selle k\u00e4igus v\u00f5etakse Tallermaa s\u00f5nul lastelt lapsep\u00f5lv \u00e4ra. &#8220;Ma kirjutan ka, et laske lapsel olla laps, m\u00e4ngige, olge oma lastega rohkem koos, kui sa v\u00f5tad telefoni \u00e4ra, siis mis sa talle asemele annad?&#8221; k\u00fcsis ta ja t\u00f5des, et k\u00f5igil lastel on arengus hetk, kus ta tahab ise teha. &#8220;Me tihti s\u00f5idame sellest \u00fcle, sest on selline vaev lapsega veerima hakata, me l\u00fckkame selle kohustuse kuskile mujale, aga kui selle \u00fcle ajame, siis ongi lapsel vastumeelsus.&#8221;<\/p>\n<p><img decoding=\"async\" data-photo-id=\"3582079\" src=\"https:\/\/www.europesays.com\/ee\/wp-content\/uploads\/2026\/05\/3582079hb5dft24.jpg\"\/>&#8220;Hommik Anuga&#8221; Autor\/allikas: Ken M\u00fcrk\/ERR<\/p>\n","protected":false},"excerpt":{"rendered":"M\u00e4lutreener ja koolitaja Tauri Tallermaa \u00fctles saates &#8220;Hommik Anuga&#8221;, et inimestel on tihtipeale raskuseid nimede meelde j\u00e4tmisega, kuid&hellip;\n","protected":false},"author":2,"featured_media":180109,"comment_status":"","ping_status":"","sticky":false,"template":"","format":"standard","meta":{"footnotes":"","_share_on_mastodon":"0"},"categories":[18],"tags":[1388,37,33,35,34,36,2461,159,158,20699],"class_list":["post-180108","post","type-post","status-publish","format-standard","has-post-thumbnail","category-sport","tag-anu-valba","tag-ee","tag-eesti","tag-eesti-keel","tag-estonia","tag-estonian","tag-hommik-anuga","tag-sport","tag-sports","tag-tauri-tallermaa"],"share_on_mastodon":{"url":"https:\/\/pubeurope.com\/@ee\/116589602396330533","error":""},"_links":{"self":[{"href":"https:\/\/www.europesays.com\/ee\/wp-json\/wp\/v2\/posts\/180108","targetHints":{"allow":["GET"]}}],"collection":[{"href":"https:\/\/www.europesays.com\/ee\/wp-json\/wp\/v2\/posts"}],"about":[{"href":"https:\/\/www.europesays.com\/ee\/wp-json\/wp\/v2\/types\/post"}],"author":[{"embeddable":true,"href":"https:\/\/www.europesays.com\/ee\/wp-json\/wp\/v2\/users\/2"}],"replies":[{"embeddable":true,"href":"https:\/\/www.europesays.com\/ee\/wp-json\/wp\/v2\/comments?post=180108"}],"version-history":[{"count":0,"href":"https:\/\/www.europesays.com\/ee\/wp-json\/wp\/v2\/posts\/180108\/revisions"}],"wp:featuredmedia":[{"embeddable":true,"href":"https:\/\/www.europesays.com\/ee\/wp-json\/wp\/v2\/media\/180109"}],"wp:attachment":[{"href":"https:\/\/www.europesays.com\/ee\/wp-json\/wp\/v2\/media?parent=180108"}],"wp:term":[{"taxonomy":"category","embeddable":true,"href":"https:\/\/www.europesays.com\/ee\/wp-json\/wp\/v2\/categories?post=180108"},{"taxonomy":"post_tag","embeddable":true,"href":"https:\/\/www.europesays.com\/ee\/wp-json\/wp\/v2\/tags?post=180108"}],"curies":[{"name":"wp","href":"https:\/\/api.w.org\/{rel}","templated":true}]}}