{"id":180112,"date":"2026-05-17T11:10:10","date_gmt":"2026-05-17T11:10:10","guid":{"rendered":"https:\/\/www.europesays.com\/ee\/180112\/"},"modified":"2026-05-17T11:10:10","modified_gmt":"2026-05-17T11:10:10","slug":"kas-vastab-toele-et-poliitikud-ei-oska-uheni-lugeda-aga-ekre-on-oma-koori-loonud","status":"publish","type":"post","link":"https:\/\/www.europesays.com\/ee\/180112\/","title":{"rendered":"Kas vastab t\u00f5ele, et poliitikud ei oska \u00fcheni lugeda, aga EKRE on oma koori loonud"},"content":{"rendered":"<p>Kokkutulnute r\u00f5\u00f5muks jagasid oma m\u00f5tteid sotsiaaldemokraat Helmen K\u00fctt, parempoolne Kadri Kullman, <a rel=\"noopener nofollow\" target=\"_blank\" href=\"https:\/\/www.delfi.ee\/teema\/66381646\/ekre\" tag-id=\"66381646\">EKREt<\/a> esindav Merike Lumi, <a rel=\"noopener nofollow\" target=\"_blank\" href=\"https:\/\/www.delfi.ee\/teema\/31995611\/reformierakond\" tag-id=\"31995611\">reformierakondlane<\/a> Karmen Joller, <a rel=\"noopener nofollow\" target=\"_blank\" href=\"https:\/\/www.delfi.ee\/teema\/71040879\/isamaa\" tag-id=\"71040879\">isamaalane<\/a> Aivar Kokk ja Jaak Madison Keskerakonnast. Kuna iga\u00fcks sai r\u00e4\u00e4kimiseks korraga k\u00f5ige rohkem minuti, olid parteilased sisukad ja s\u00e4ravad, mitte umbm\u00e4\u00e4rased ja laialivalguvad.<\/p>\n","protected":false},"excerpt":{"rendered":"Kokkutulnute r\u00f5\u00f5muks jagasid oma m\u00f5tteid sotsiaaldemokraat Helmen K\u00fctt, parempoolne Kadri Kullman, EKREt esindav Merike Lumi, reformierakondlane Karmen Joller,&hellip;\n","protected":false},"author":2,"featured_media":180113,"comment_status":"","ping_status":"","sticky":false,"template":"","format":"standard","meta":{"footnotes":"","_share_on_mastodon":"0"},"categories":[12],"tags":[26,27,9431,37,33,35,729,34,36,31,32,21,731,819,28,29,19,1059,63495,25,643,23,24,22,20,8532,30],"class_list":["post-180112","post","type-post","status-publish","format-standard","has-post-thumbnail","category-eesti","tag-breaking-news","tag-breakingnews","tag-debatt","tag-ee","tag-eesti","tag-eesti-keel","tag-ekre","tag-estonia","tag-estonian","tag-featured-news","tag-featurednews","tag-headlines","tag-isamaa","tag-keskerakond","tag-latest-news","tag-latestnews","tag-news","tag-parempoolsed","tag-poliitiline-debatt","tag-populaarseimad-lood","tag-reformierakond","tag-top-stories","tag-topstories","tag-uldised-uudised","tag-uudised","tag-valimisdebatt","tag-viimased-uudised"],"share_on_mastodon":{"url":"https:\/\/pubeurope.com\/@ee\/116589613825328875","error":""},"_links":{"self":[{"href":"https:\/\/www.europesays.com\/ee\/wp-json\/wp\/v2\/posts\/180112","targetHints":{"allow":["GET"]}}],"collection":[{"href":"https:\/\/www.europesays.com\/ee\/wp-json\/wp\/v2\/posts"}],"about":[{"href":"https:\/\/www.europesays.com\/ee\/wp-json\/wp\/v2\/types\/post"}],"author":[{"embeddable":true,"href":"https:\/\/www.europesays.com\/ee\/wp-json\/wp\/v2\/users\/2"}],"replies":[{"embeddable":true,"href":"https:\/\/www.europesays.com\/ee\/wp-json\/wp\/v2\/comments?post=180112"}],"version-history":[{"count":0,"href":"https:\/\/www.europesays.com\/ee\/wp-json\/wp\/v2\/posts\/180112\/revisions"}],"wp:featuredmedia":[{"embeddable":true,"href":"https:\/\/www.europesays.com\/ee\/wp-json\/wp\/v2\/media\/180113"}],"wp:attachment":[{"href":"https:\/\/www.europesays.com\/ee\/wp-json\/wp\/v2\/media?parent=180112"}],"wp:term":[{"taxonomy":"category","embeddable":true,"href":"https:\/\/www.europesays.com\/ee\/wp-json\/wp\/v2\/categories?post=180112"},{"taxonomy":"post_tag","embeddable":true,"href":"https:\/\/www.europesays.com\/ee\/wp-json\/wp\/v2\/tags?post=180112"}],"curies":[{"name":"wp","href":"https:\/\/api.w.org\/{rel}","templated":true}]}}